{"id":100002,"date":"2023-05-12T13:34:58","date_gmt":"2023-05-12T16:34:58","guid":{"rendered":"https:\/\/primicias2262.com\/?p=100002"},"modified":"2023-05-12T13:34:58","modified_gmt":"2023-05-12T16:34:58","slug":"este-sabado-se-realiza-la-145a-colecta-de-un-litro-de-leche-por-mes","status":"publish","type":"post","link":"https:\/\/primicias2262.com\/noticias\/este-sabado-se-realiza-la-145a-colecta-de-un-litro-de-leche-por-mes\/","title":{"rendered":"Este s\u00e1bado se realiza la 145\u00aa colecta de \u201cUn litro de leche por mes\u201d"},"content":{"rendered":"<p><strong>Como es habitual, el grupo de mujeres que lleva adelante una vez al mes la colecta en el centro de la ciudad estar\u00e1 apostado en la esquina de 59 y 62, de 11 a 13 hs.<\/strong><\/p>\n<p>As\u00ed lo inform\u00f3 en \u201cVoces de la Ciudad\u201d ante la consulta del periodista Jorge G\u00f3mez una de las mujeres de dicho grupo, Silvia Orofino, quien adem\u00e1s record\u00f3 que la campa\u00f1a se realiza durante todo el mes pero un s\u00e1bado cada 30 d\u00edas montan la colecta de forma simb\u00f3lica en 59 y 62.<\/p>\n<p>\u201cDe 11 a 13 vamos a estar, ya acerc\u00e1ndonos a los 13 a\u00f1os consecutivos de la colecta\u201d, se\u00f1al\u00f3 Silvia, aportando lo antes mencionado: \u201cLa gente puede colaborar con leche durante todo el mes, pero simb\u00f3licamente lo hacemos una vez por mes en el centro\u2026 hay resfr\u00edos propios de los inviernos en puerta pero mientras podamos los seguiremos haciendo, aunque ya hemos recibido y arrancamos a repartir en los distintos lugares\u201d.<\/p>\n<p>Por consiguiente, m\u00e1s de all\u00e1 de la cita para este s\u00e1bado, Orofino record\u00f3 que durante el mes se reciben donaciones de leche en los comercios afines al grupo de \u201cUn litro de leche por mes, Necochea puede\u201d, que son la Cooperativa General Necochea de 59 y 70; Ropa Hind\u00fa de 83 entre 2 y 4; Librer\u00eda La Cajita en 62 y 67 y la distribuidora La Suipachense en 70 y 61.<\/p>\n","protected":false},"excerpt":{"rendered":"<p>Como es habitual, el grupo de mujeres que lleva adelante una vez al mes la colecta en el centro de la ciudad estar\u00e1 apostado en la esquina de 59 y 62, de 11 a 13 hs. As\u00ed lo inform\u00f3 en \u201cVoces de la Ciudad\u201d ante la consulta del periodista Jorge G\u00f3mez una de las mujeres [&hellip;]<\/p>\n","protected":false},"author":3,"featured_media":77601,"comment_status":"closed","ping_status":"closed","sticky":false,"template":"","format":"standard","meta":{"footnotes":""},"categories":[3],"tags":[],"class_list":["post-100002","post","type-post","status-publish","format-standard","has-post-thumbnail","category-masnoticias"],"_links":{"self":[{"href":"https:\/\/primicias2262.com\/noticias\/wp-json\/wp\/v2\/posts\/100002","targetHints":{"allow":["GET"]}}],"collection":[{"href":"https:\/\/primicias2262.com\/noticias\/wp-json\/wp\/v2\/posts"}],"about":[{"href":"https:\/\/primicias2262.com\/noticias\/wp-json\/wp\/v2\/types\/post"}],"author":[{"embeddable":true,"href":"https:\/\/primicias2262.com\/noticias\/wp-json\/wp\/v2\/users\/3"}],"replies":[{"embeddable":true,"href":"https:\/\/primicias2262.com\/noticias\/wp-json\/wp\/v2\/comments?post=100002"}],"version-history":[{"count":0,"href":"https:\/\/primicias2262.com\/noticias\/wp-json\/wp\/v2\/posts\/100002\/revisions"}],"wp:attachment":[{"href":"https:\/\/primicias2262.com\/noticias\/wp-json\/wp\/v2\/media?parent=100002"}],"wp:term":[{"taxonomy":"category","embeddable":true,"href":"https:\/\/primicias2262.com\/noticias\/wp-json\/wp\/v2\/categories?post=100002"},{"taxonomy":"post_tag","embeddable":true,"href":"https:\/\/primicias2262.com\/noticias\/wp-json\/wp\/v2\/tags?post=100002"}],"curies":[{"name":"wp","href":"https:\/\/api.w.org\/{rel}","templated":true}]}}