{"id":100004,"date":"2023-05-12T13:53:55","date_gmt":"2023-05-12T16:53:55","guid":{"rendered":"https:\/\/primicias2262.com\/?p=100004"},"modified":"2023-05-12T13:53:55","modified_gmt":"2023-05-12T16:53:55","slug":"se-llego-a-unos-3500-jovenes-con-las-charlas-del-trailer-de-construir-seguridad-ciudadana","status":"publish","type":"post","link":"https:\/\/primicias2262.com\/noticias\/se-llego-a-unos-3500-jovenes-con-las-charlas-del-trailer-de-construir-seguridad-ciudadana\/","title":{"rendered":"Se lleg\u00f3 a unos 3500 j\u00f3venes con las charlas del tr\u00e1iler de Construir Seguridad Ciudadana"},"content":{"rendered":"<p><strong>\u201cFue un \u00e9xito total y super\u00f3 las expectativas que ten\u00edamos\u201d, asegur\u00f3 el concejal del Frente de Todos y precandidato a Intendente, Mauro Vel\u00e1zquez, encargado de gestionar ante Naci\u00f3n dicho programa que aborda las problem\u00e1ticas de Grooming, Bullying y ciber delitos.<\/strong><\/p>\n<p>Al ser consultado sobre el balance de las actividades del tr\u00e1iler del Ministerio de Seguridad de la Naci\u00f3n por parte del periodista Jorge G\u00f3mez en \u201cVoces de la Ciudad\u201d, Vel\u00e1zquez afirm\u00f3 que \u201cfue un \u00e9xito total, super\u00f3 las expectativas que ten\u00edamos, el martes estuvo en Quequ\u00e9n, el mi\u00e9rcoles en el centro de Necochea y el jueves en Ram\u00f3n Santamarina, donde se acerc\u00f3 la gente de Energ\u00eda, pero adem\u00e1s los talleristas fueron a La Dulce, Juan N. Fern\u00e1ndez y Claraz\u201d.<\/p>\n<p>\u201cLlegamos a todo el distrito, que era el objetivo que ten\u00edamos con estos talleres, que tienen que ver con la violencia\u201d, resalt\u00f3, para acotar en tal aspecto que \u201cera lo que pretend\u00edamos cuando lo fuimos a gestionar al Ministerio, que llegara a la mayor cantidad y alrededor de 3500 j\u00f3venes participaron de las charlas\u201d.<\/p>\n<p>El precandidato a Intendente por el Frente de Todos y concejal desde el ri\u00f1\u00f3n del Frente Renovador, subray\u00f3 adem\u00e1s la plataforma que deja el programa para profundizar a nivel local, ya que se\u00f1al\u00f3 que \u201cacordamos con las autoridades educativas del distrito seguir trabajando en esta tem\u00e1tica, que es muy preocupante\u201d.<\/p>\n<p>Finalmente, fue consultado sobre la inauguraci\u00f3n de su local partidario en calle 60 entre 63 y 65, frente al Banco Galicia, y si bien no dio fecha cierta, concluy\u00f3 que \u201cel ministro de Econom\u00eda, Sergio Massa, referente de nuestro sector, ha manifestado que es importante que trabajemos desde la unidad y no perdamos la focalizaci\u00f3n de estar al lado de la gente\u2026 que las discusiones menores de lo pol\u00edtico partidario se discutan para adentro, y cuando salgamos que lo hagamos con proyectos por y para la gente, y ese era el objetivo de estas jornadas que tuvimos en Necochea\u201d.<\/p>\n","protected":false},"excerpt":{"rendered":"<p>\u201cFue un \u00e9xito total y super\u00f3 las expectativas que ten\u00edamos\u201d, asegur\u00f3 el concejal del Frente de Todos y precandidato a Intendente, Mauro Vel\u00e1zquez, encargado de gestionar ante Naci\u00f3n dicho programa que aborda las problem\u00e1ticas de Grooming, Bullying y ciber delitos. Al ser consultado sobre el balance de las actividades del tr\u00e1iler del Ministerio de Seguridad [&hellip;]<\/p>\n","protected":false},"author":3,"featured_media":100005,"comment_status":"closed","ping_status":"closed","sticky":false,"template":"","format":"standard","meta":{"footnotes":""},"categories":[3],"tags":[],"class_list":["post-100004","post","type-post","status-publish","format-standard","has-post-thumbnail","category-masnoticias"],"_links":{"self":[{"href":"https:\/\/primicias2262.com\/noticias\/wp-json\/wp\/v2\/posts\/100004","targetHints":{"allow":["GET"]}}],"collection":[{"href":"https:\/\/primicias2262.com\/noticias\/wp-json\/wp\/v2\/posts"}],"about":[{"href":"https:\/\/primicias2262.com\/noticias\/wp-json\/wp\/v2\/types\/post"}],"author":[{"embeddable":true,"href":"https:\/\/primicias2262.com\/noticias\/wp-json\/wp\/v2\/users\/3"}],"replies":[{"embeddable":true,"href":"https:\/\/primicias2262.com\/noticias\/wp-json\/wp\/v2\/comments?post=100004"}],"version-history":[{"count":0,"href":"https:\/\/primicias2262.com\/noticias\/wp-json\/wp\/v2\/posts\/100004\/revisions"}],"wp:attachment":[{"href":"https:\/\/primicias2262.com\/noticias\/wp-json\/wp\/v2\/media?parent=100004"}],"wp:term":[{"taxonomy":"category","embeddable":true,"href":"https:\/\/primicias2262.com\/noticias\/wp-json\/wp\/v2\/categories?post=100004"},{"taxonomy":"post_tag","embeddable":true,"href":"https:\/\/primicias2262.com\/noticias\/wp-json\/wp\/v2\/tags?post=100004"}],"curies":[{"name":"wp","href":"https:\/\/api.w.org\/{rel}","templated":true}]}}