{"id":100007,"date":"2023-05-12T20:01:21","date_gmt":"2023-05-12T23:01:21","guid":{"rendered":"https:\/\/primicias2262.com\/?p=100007"},"modified":"2023-05-12T20:01:21","modified_gmt":"2023-05-12T23:01:21","slug":"comenzaron-los-trabajos-para-la-urbanizacion-del-barrio-terminal","status":"publish","type":"post","link":"https:\/\/primicias2262.com\/noticias\/comenzaron-los-trabajos-para-la-urbanizacion-del-barrio-terminal\/","title":{"rendered":"Comenzaron los trabajos para la urbanizaci\u00f3n del Barrio Terminal"},"content":{"rendered":"<p><strong>Tal cual lo anunciado por la gesti\u00f3n del intendente Arturo Rojas durante la urbanizaci\u00f3n del Barrio Los Malvones, esta semana se comenz\u00f3 con un proyecto similar en el Barrio Terminal, que contempla el tendido de obras de infraestructura b\u00e1sica que transformar\u00e1n la realidad de una zona muy postergada de la ciudad, compuesta por alrededor de unas 150 familias.<\/strong><\/p>\n<p>Desde la Secretar\u00eda de Planeamiento, Obras y Servicios P\u00fablicos, el subsecretario Lisandro Dones confirm\u00f3 que \u201carrancamos con las obras de redes de cloaca y agua en el Barrio Terminal, a trav\u00e9s del programa de la SISU (Secretar\u00eda de Integraci\u00f3n Socio Urbana), del Ministerio de Desarrollo Social de la Naci\u00f3n, mediante el cual se dota de infraestructura b\u00e1sica a los barrios populares\u201d.<\/p>\n<p><a href=\"https:\/\/primicias2262.com\/wp-content\/uploads\/2023\/05\/FOTO-obras-Barrio-Terminal3.jpeg\"><img loading=\"lazy\" decoding=\"async\" class=\"aligncenter size-full wp-image-100010\" src=\"https:\/\/primicias2262.com\/wp-content\/uploads\/2023\/05\/FOTO-obras-Barrio-Terminal3.jpeg\" alt=\"\" width=\"1200\" height=\"800\" \/><\/a><\/p>\n<p>Recordando que el paso inicial fue la recuperaci\u00f3n del galp\u00f3n de la vieja estaci\u00f3n de trenes de 62 y 43, el cual se quemara hace muchos a\u00f1os y quedara en estado de abandono, y que se remodel\u00f3 para llevar adelante un espacio cultural y de recreaci\u00f3n para toda la comunidad y el barrio en cuesti\u00f3n, Dones report\u00f3 que \u201cen estos d\u00edas arrancamos con algo muy importante que son los trabajos de la red pluvial para conectar todo el barrio a la red que est\u00e1 cruzando la Av. 58, as\u00ed que se hizo el cruce de toda la avenida con los ca\u00f1os de 600 cm. y \u00a0eso es lo que va a conectar a todo el desag\u00fce del barrio\u201d.<\/p>\n<p>Al mismo tiempo, Dones inform\u00f3 que se iniciaron las excavaciones y correspondiente colocaci\u00f3n de ca\u00f1os de la red cloacal y simult\u00e1neamente la red de agua. \u201cEsto va acompa\u00f1ado de una serie de trabajos importantes que se har\u00e1n posteriormente a esta etapa, como las obras de cord\u00f3n cuneta; la pavimentaci\u00f3n de la Av. 43 entre 58 y 62; la recuperaci\u00f3n de la plaza al lado del galp\u00f3n y la obra de iluminaci\u00f3n de todo el barrio\u201d, enumer\u00f3 el funcionario.<\/p>\n<p><a href=\"https:\/\/primicias2262.com\/wp-content\/uploads\/2023\/05\/FOTO-obras-Barrio-Terminal.jpeg\"><img loading=\"lazy\" decoding=\"async\" class=\"aligncenter size-full wp-image-100008\" src=\"https:\/\/primicias2262.com\/wp-content\/uploads\/2023\/05\/FOTO-obras-Barrio-Terminal.jpeg\" alt=\"\" width=\"1200\" height=\"800\" \/><\/a><\/p>\n<p>Por ende, puso en valor que \u201ces una obra muy importante y viene financiada por la Naci\u00f3n y gestionada por nuestro intendente Arturo Rojas, que aparte de este tipo de obra logr\u00f3 incorporar la recuperaci\u00f3n del hist\u00f3rico galp\u00f3n para que sea un SUM para el barrio y toda la comunidad\u201d.<\/p>\n<p>A prop\u00f3sito del financiamiento, Dones detall\u00f3 que el monto inicial de la obra de urbanizaci\u00f3n del Barrio Terminal es de 230 millones de pesos, aunque podr\u00eda haber actualizaci\u00f3n de los valores por los procesos inflacionarios que se viven. No obstante, aclar\u00f3 que, a diferencia de otros programas, \u201cson obras que tienen pautado dentro del convenio la redeterminaci\u00f3n de precios\u201d.<\/p>\n","protected":false},"excerpt":{"rendered":"<p>Tal cual lo anunciado por la gesti\u00f3n del intendente Arturo Rojas durante la urbanizaci\u00f3n del Barrio Los Malvones, esta semana se comenz\u00f3 con un proyecto similar en el Barrio Terminal, que contempla el tendido de obras de infraestructura b\u00e1sica que transformar\u00e1n la realidad de una zona muy postergada de la ciudad, compuesta por alrededor de [&hellip;]<\/p>\n","protected":false},"author":3,"featured_media":100009,"comment_status":"closed","ping_status":"closed","sticky":false,"template":"","format":"standard","meta":{"footnotes":""},"categories":[3],"tags":[],"class_list":["post-100007","post","type-post","status-publish","format-standard","has-post-thumbnail","category-masnoticias"],"_links":{"self":[{"href":"https:\/\/primicias2262.com\/noticias\/wp-json\/wp\/v2\/posts\/100007","targetHints":{"allow":["GET"]}}],"collection":[{"href":"https:\/\/primicias2262.com\/noticias\/wp-json\/wp\/v2\/posts"}],"about":[{"href":"https:\/\/primicias2262.com\/noticias\/wp-json\/wp\/v2\/types\/post"}],"author":[{"embeddable":true,"href":"https:\/\/primicias2262.com\/noticias\/wp-json\/wp\/v2\/users\/3"}],"replies":[{"embeddable":true,"href":"https:\/\/primicias2262.com\/noticias\/wp-json\/wp\/v2\/comments?post=100007"}],"version-history":[{"count":0,"href":"https:\/\/primicias2262.com\/noticias\/wp-json\/wp\/v2\/posts\/100007\/revisions"}],"wp:attachment":[{"href":"https:\/\/primicias2262.com\/noticias\/wp-json\/wp\/v2\/media?parent=100007"}],"wp:term":[{"taxonomy":"category","embeddable":true,"href":"https:\/\/primicias2262.com\/noticias\/wp-json\/wp\/v2\/categories?post=100007"},{"taxonomy":"post_tag","embeddable":true,"href":"https:\/\/primicias2262.com\/noticias\/wp-json\/wp\/v2\/tags?post=100007"}],"curies":[{"name":"wp","href":"https:\/\/api.w.org\/{rel}","templated":true}]}}