{"id":100025,"date":"2023-05-19T08:26:52","date_gmt":"2023-05-19T11:26:52","guid":{"rendered":"https:\/\/primicias2262.com\/?p=100025"},"modified":"2023-06-21T12:08:17","modified_gmt":"2023-06-21T12:08:17","slug":"guadalupe-angiolini-en-la-seleccion-me-dicen-que-voy-a-lograr-muchas-cosas-si-sigo-con-la-cabeza-firme","status":"publish","type":"post","link":"https:\/\/primicias2262.com\/noticias\/guadalupe-angiolini-en-la-seleccion-me-dicen-que-voy-a-lograr-muchas-cosas-si-sigo-con-la-cabeza-firme\/","title":{"rendered":"Guadalupe Angiolini: \u201cEn la Selecci\u00f3n me dicen que voy a lograr muchas cosas si sigo con la cabeza firme\u201d"},"content":{"rendered":"<p><strong>A su llegada de la Copa de Federaciones de R\u00edo de Janeiro, donde gan\u00f3 nueve medallas con la Selecci\u00f3n Argentina, seis de ellas de Oro, la nadadora del Club Hurac\u00e1n, Guadalupe Angiolini, charl\u00f3 brevemente con \u201cVoces de la Ciudad\u201d v\u00eda telef\u00f3nica y cont\u00f3 con emoci\u00f3n la experiencia vivida en Brasil y los buenos augurios a futuro que le transmiten desde el cuerpo t\u00e9cnico de la celeste y blanca.<\/strong><\/p>\n<p>Tom\u00e1ndose un peque\u00f1o recreo para atender el llamado en el Complejo CEIA donde cursa el 3\u00ba A\u00f1o de la Secundaria, Guadalupe, de tan solo 14 a\u00f1os, asegur\u00f3 que \u201cfue muy linda experiencia, no viajaba hac\u00eda bastante tiempo con la Selecci\u00f3n y me encant\u00f3 competir\u201d, y si bien \u201cse me hizo dif\u00edcil comunicarme por el idioma portugu\u00e9s, lo cierto es que estuvo muy bueno el viaje\u201d.<\/p>\n<p>La entrenada por el Prof. Claudio Castagnari en la pileta del Club Hurac\u00e1n revel\u00f3 que tras su excelente performance no solo se gan\u00f3 un nuevo llamado de la Selecci\u00f3n para volver a competir en Brasil, sino que puntualiz\u00f3 lo siguiente: \u201cDesde la Selecci\u00f3n me dijeron que era muy buena mi t\u00e9cnica y que iba a lograr muchas cosas si segu\u00eda con la cabeza firme y para adelante, incluso con posibilidades de ser campeona sudamericana, me halagaron mucho y eso me ayuda mucho a seguir adelante\u201d.<\/p>\n<p><a href=\"https:\/\/primicias2262.com\/wp-content\/uploads\/2023\/05\/guadalupe-angiolini.jpg\"><img loading=\"lazy\" decoding=\"async\" class=\"alignleft size-medium wp-image-100026\" src=\"https:\/\/primicias2262.com\/wp-content\/uploads\/2023\/05\/guadalupe-angiolini-240x300.jpg\" alt=\"\" width=\"240\" height=\"300\" \/><\/a>Por supuesto, detr\u00e1s del \u00e9xito hay mucho entrenamiento, acerca de lo que cont\u00f3 que \u201centreno a doble turno, dos horas a la tarde y tambi\u00e9n a la noche, una hora de gimnasio y otra de nataci\u00f3n\u201d.<\/p>\n<p>Finalmente, quien en julio cumplir\u00e1 15 a\u00f1os, se\u00f1al\u00f3 con entusiasmo que \u201cllegu\u00e9 el lunes a las 4 de la ma\u00f1ana a Necochea y mis compa\u00f1eros de escuela me hicieron un recibimiento muy lindo, como tambi\u00e9n profesores y directores\u201d.<\/p>\n<p>Vale destacar que durante la Copa de Federaciones en Brasil, Guadalupe gan\u00f3 nueve medallas, seis de oro, dos de plata y una de bronce. Las de oro fueron cinco de forma individual (50 y 100 metros mariposa, 50 y 100 metros espalda y 50 metros libres), adem\u00e1s de la posta 4 x 100 combinada mixta. En tanto, gan\u00f3 dos preseas de plata en las postas 4 x 100 combinada y 4 x 200 libres; y una de bronce en la posta 4 x 100 libres.<\/p>\n<p>En diciembre de 2022, Guadalupe Angiolini fue premiada por el C\u00edrculo de Periodistas Deportivos de la ciudad con el Puente Colgante de Oro a la deportista del a\u00f1o y menos de un semestre despu\u00e9s no par\u00f3 de batir r\u00e9cords, bajar m\u00e1s marcas y cosechar medallas con la malla de la Selecci\u00f3n Argentina.<\/p>\n<p><a href=\"https:\/\/primicias2262.com\/wp-content\/uploads\/2023\/05\/WhatsApp-Image-2023-05-18-at-1.21.39-PM.jpeg\"><img loading=\"lazy\" decoding=\"async\" class=\"aligncenter size-full wp-image-100028\" src=\"https:\/\/primicias2262.com\/wp-content\/uploads\/2023\/05\/WhatsApp-Image-2023-05-18-at-1.21.39-PM.jpeg\" alt=\"\" width=\"463\" height=\"463\" \/><\/a><\/p>\n","protected":false},"excerpt":{"rendered":"<p>A su llegada de la Copa de Federaciones de R\u00edo de Janeiro, donde gan\u00f3 nueve medallas con la Selecci\u00f3n Argentina, seis de ellas de Oro, la nadadora del Club Hurac\u00e1n, Guadalupe Angiolini, charl\u00f3 brevemente con \u201cVoces de la Ciudad\u201d v\u00eda telef\u00f3nica y cont\u00f3 con emoci\u00f3n la experiencia vivida en Brasil y los buenos augurios a [&hellip;]<\/p>\n","protected":false},"author":3,"featured_media":100223,"comment_status":"closed","ping_status":"closed","sticky":false,"template":"","format":"standard","meta":{"footnotes":""},"categories":[3],"tags":[],"class_list":["post-100025","post","type-post","status-publish","format-standard","has-post-thumbnail","category-masnoticias"],"_links":{"self":[{"href":"https:\/\/primicias2262.com\/noticias\/wp-json\/wp\/v2\/posts\/100025","targetHints":{"allow":["GET"]}}],"collection":[{"href":"https:\/\/primicias2262.com\/noticias\/wp-json\/wp\/v2\/posts"}],"about":[{"href":"https:\/\/primicias2262.com\/noticias\/wp-json\/wp\/v2\/types\/post"}],"author":[{"embeddable":true,"href":"https:\/\/primicias2262.com\/noticias\/wp-json\/wp\/v2\/users\/3"}],"replies":[{"embeddable":true,"href":"https:\/\/primicias2262.com\/noticias\/wp-json\/wp\/v2\/comments?post=100025"}],"version-history":[{"count":3,"href":"https:\/\/primicias2262.com\/noticias\/wp-json\/wp\/v2\/posts\/100025\/revisions"}],"predecessor-version":[{"id":100282,"href":"https:\/\/primicias2262.com\/noticias\/wp-json\/wp\/v2\/posts\/100025\/revisions\/100282"}],"wp:featuredmedia":[{"embeddable":true,"href":"https:\/\/primicias2262.com\/noticias\/wp-json\/wp\/v2\/media\/100223"}],"wp:attachment":[{"href":"https:\/\/primicias2262.com\/noticias\/wp-json\/wp\/v2\/media?parent=100025"}],"wp:term":[{"taxonomy":"category","embeddable":true,"href":"https:\/\/primicias2262.com\/noticias\/wp-json\/wp\/v2\/categories?post=100025"},{"taxonomy":"post_tag","embeddable":true,"href":"https:\/\/primicias2262.com\/noticias\/wp-json\/wp\/v2\/tags?post=100025"}],"curies":[{"name":"wp","href":"https:\/\/api.w.org\/{rel}","templated":true}]}}