{"id":100030,"date":"2023-05-19T08:31:11","date_gmt":"2023-05-19T11:31:11","guid":{"rendered":"https:\/\/primicias2262.com\/?p=100030"},"modified":"2023-05-19T08:31:11","modified_gmt":"2023-05-19T11:31:11","slug":"a-la-gente-que-esta-descreida-de-la-politica-le-digo-que-no-somos-todos-iguales","status":"publish","type":"post","link":"https:\/\/primicias2262.com\/noticias\/a-la-gente-que-esta-descreida-de-la-politica-le-digo-que-no-somos-todos-iguales\/","title":{"rendered":"\u201cA la gente que est\u00e1 descre\u00edda de la pol\u00edtica le digo que no somos todos iguales\u201d"},"content":{"rendered":"<p><strong>As\u00ed lo expres\u00f3 H\u00e9ctor Mart\u00edn Orlando, precandidato a intendente de Necochea por la l\u00ednea de Miguel Pichetto y dentro de la corriente de Juntos. Acompa\u00f1ado de Ana P\u00f3rcaro en los estudios de \u201cVoces de la Ciudad\u201d, carg\u00f3 contra el kirchnerismo y asegur\u00f3 que pertenecen al \u201cperonismo de la cultura del trabajo, el desarrollo y el crecimiento\u201d.<\/strong><\/p>\n<p>Durante una nota realizada por el periodista Jorge G\u00f3mez, Orlando y Porcaro se\u00f1alaron que est\u00e1n concertando un lugar f\u00edsico para juntarse de cara a las PASO, pero mientras tanto visitan vecinos y sociedades de fomento y aseguran encontrarse con una realidad muy dura.<\/p>\n<p>Orlando cont\u00f3 que \u201chace muchos meses que venimos trabajando en esta construcci\u00f3n pol\u00edtica, en esta coalici\u00f3n de Juntos nosotros somos de extracci\u00f3n peronista, del peronismo de la cultura del trabajo, el desarrollo y el crecimiento\u201d, revelando al instante que \u201cMiguel (Pichetto) estaba conformando la forma legal del partido, que gracias a Dios se pudo lograr y yo he hecho un acuerdo con \u00e9l en el cual me manifest\u00f3 que quer\u00eda que representara esa l\u00ednea en el distrito de Necochea\u201d.<\/p>\n<p>\u201cA partir de ah\u00ed empezamos a conformar los equipos y es el \u00fanico espacio pol\u00edtico que ha mostrado secretar\u00edas, no candidaturas todav\u00eda\u2026 y proyectos, que es lo importante. El vecino debe saber qui\u00e9n acompa\u00f1a el proyecto y nosotros nos organizamos en equipo, cada uno cumple una funci\u00f3n y trabajamos en crecer en el distrito\u201d, asegur\u00f3.<\/p>\n<p>Al echar una mirada sobre la crisis actual, Orlando pronunci\u00f3 que \u201cel oportunismo del kirchnerismo le ha hecho mucho mal al pa\u00eds, tenemos una inflaci\u00f3n del 120%, una pobreza del 54% y una indigencia del 12%, son n\u00fameros fr\u00edos pero estamos hablando de personas. Somos un pa\u00eds importante con petr\u00f3leo, gas, helio y todos los cultivos, el tema es que necesitamos gestionar y trabajar\u201d.<\/p>\n<p>Fue all\u00ed que afirm\u00f3 que \u201ccuando hablamos de pol\u00edtica, a la gente que est\u00e1 descre\u00edda le digo que no somos todos iguales, dentro de ella hay buenos y malos, nosotros no nos creemos tan buenos, pero hacemos una forma de pol\u00edtica diferente, de cara y apertura a la gente porque sabemos c\u00f3mo la est\u00e1 pasando. En Necochea nos conocemos todos, pero esto no escapa a la situaci\u00f3n de la Provincia y Naci\u00f3n. En el gobierno de turno se han peleado entre ellos y si no ten\u00e9s ordenada tu casa poco pod\u00e9s hacer hacia afuera\u201d.<\/p>\n<p>Seguidamente, analiz\u00f3 que \u201chay un sector determinado de la poblaci\u00f3n que busca a Milei (Javier, precandidato a Presidente por Libertad Avanza)\u2026 antes era el \u201cqu\u00e9 se vayan todos\u201d, ahora lo buscan a Milei, pero no nos confundamos, no somos una republiqueta, ya basta con que damos un papel\u00f3n constante al mundo\u2026 se habla del gobierno de Macri pero ahora seguimos endeudando al pa\u00eds y vivimos disociados de la realidad\u201d.<\/p>\n<p>Por \u00faltimo, \u201cquiero dejar claro que tenemos una idea superadora, nosotros lo que est\u00e9 bien en el municipio lo vamos a acompa\u00f1ar, no somos de poner palos en la rueda, y lo que est\u00e1 mal presentaremos un proyecto superador, porque el Intendente no es de un partido pol\u00edtico, sino de todos los necochenses. Tenemos una pol\u00edtica de construcci\u00f3n, no de destrucci\u00f3n, queremos colaborar para que el vecino est\u00e9 mejor\u201d, concluy\u00f3 Orlando.<\/p>\n<p>Por su parte, su compa\u00f1era de equipo, Ana Porcaro, manifest\u00f3 que tras relevar los barrios de la ciudad \u201cvemos que hay mucha pobreza, lo vemos d\u00eda a d\u00eda nosotros porque caminamos mucho en equipo. Realmente hay mucha y cada vez se acent\u00faa m\u00e1s, este invierno va a estar tremendo, todav\u00eda no empez\u00f3 a hacer fr\u00edo y ya tenemos muchos pedidos, y adem\u00e1s hay mucha falta de vivienda, nos piden permanentemente si podemos conseguirles una pieza y un ba\u00f1o porque est\u00e1n en la calle. Est\u00e1 tremenda la situaci\u00f3n, pero es a nivel nacional\u201d.<\/p>\n<p>Quien se desempe\u00f1ara como secretaria de Desarrollo Social durante la corta intendencia de Horacio Tellechea en la gesti\u00f3n que ganara las elecciones locales con m\u00e1s del 50% en 2011 representando al kirchnerismo, asegur\u00f3 que \u201chay que gestionar porque hay trabajo para darle a la gente, hay que mover porque desde Desarrollo Social de Naci\u00f3n se pueden traer las cosas, hay otras ciudades que lo hacen y por qu\u00e9 Necochea no lo hace. Esa es una de las propuestas que tenemos, saben que yo no prometo, sino que voy a ir y hacerlo, y escuchar a la gente\u201d.<\/p>\n","protected":false},"excerpt":{"rendered":"<p>As\u00ed lo expres\u00f3 H\u00e9ctor Mart\u00edn Orlando, precandidato a intendente de Necochea por la l\u00ednea de Miguel Pichetto y dentro de la corriente de Juntos. Acompa\u00f1ado de Ana P\u00f3rcaro en los estudios de \u201cVoces de la Ciudad\u201d, carg\u00f3 contra el kirchnerismo y asegur\u00f3 que pertenecen al \u201cperonismo de la cultura del trabajo, el desarrollo y el [&hellip;]<\/p>\n","protected":false},"author":3,"featured_media":100034,"comment_status":"closed","ping_status":"closed","sticky":false,"template":"","format":"standard","meta":{"footnotes":""},"categories":[5],"tags":[],"class_list":{"0":"post-100030","1":"post","2":"type-post","3":"status-publish","4":"format-standard","5":"has-post-thumbnail","7":"category-neco"},"_links":{"self":[{"href":"https:\/\/primicias2262.com\/noticias\/wp-json\/wp\/v2\/posts\/100030","targetHints":{"allow":["GET"]}}],"collection":[{"href":"https:\/\/primicias2262.com\/noticias\/wp-json\/wp\/v2\/posts"}],"about":[{"href":"https:\/\/primicias2262.com\/noticias\/wp-json\/wp\/v2\/types\/post"}],"author":[{"embeddable":true,"href":"https:\/\/primicias2262.com\/noticias\/wp-json\/wp\/v2\/users\/3"}],"replies":[{"embeddable":true,"href":"https:\/\/primicias2262.com\/noticias\/wp-json\/wp\/v2\/comments?post=100030"}],"version-history":[{"count":0,"href":"https:\/\/primicias2262.com\/noticias\/wp-json\/wp\/v2\/posts\/100030\/revisions"}],"wp:featuredmedia":[{"embeddable":true,"href":"https:\/\/primicias2262.com\/noticias\/wp-json\/"}],"wp:attachment":[{"href":"https:\/\/primicias2262.com\/noticias\/wp-json\/wp\/v2\/media?parent=100030"}],"wp:term":[{"taxonomy":"category","embeddable":true,"href":"https:\/\/primicias2262.com\/noticias\/wp-json\/wp\/v2\/categories?post=100030"},{"taxonomy":"post_tag","embeddable":true,"href":"https:\/\/primicias2262.com\/noticias\/wp-json\/wp\/v2\/tags?post=100030"}],"curies":[{"name":"wp","href":"https:\/\/api.w.org\/{rel}","templated":true}]}}