{"id":100037,"date":"2023-05-19T08:01:33","date_gmt":"2023-05-19T11:01:33","guid":{"rendered":"https:\/\/primicias2262.com\/?p=100037"},"modified":"2023-05-19T08:01:33","modified_gmt":"2023-05-19T11:01:33","slug":"crean-el-comite-ejecutivo-de-la-via-navegable-con-presencias-de-sectores-publicos-y-privados","status":"publish","type":"post","link":"https:\/\/primicias2262.com\/noticias\/crean-el-comite-ejecutivo-de-la-via-navegable-con-presencias-de-sectores-publicos-y-privados\/","title":{"rendered":"Crean el Comit\u00e9 Ejecutivo de la V\u00eda Navegable, con presencias de sectores p\u00fablicos y privados"},"content":{"rendered":"<p><strong>Estar\u00e1 integrado por usuarios de la V\u00eda Navegable Troncal (VNT) y autoridades gubernamentales, entre ellas el jefe de asesores de la intervenci\u00f3n de la Administraci\u00f3n General de Puertos (AGP), el ingeniero Mario Goicoechea.<\/strong><\/p>\n<p><strong>Por Jorge G\u00f3mez<\/strong><\/p>\n<p><a href=\"https:\/\/primicias2262.com\/wp-content\/uploads\/2021\/08\/Gomez.jpg\"><img loading=\"lazy\" decoding=\"async\" class=\"alignleft size-thumbnail wp-image-80409\" src=\"https:\/\/primicias2262.com\/wp-content\/uploads\/2021\/08\/Gomez-150x150.jpg\" alt=\"\" width=\"150\" height=\"150\" \/><\/a>Tras un encuentro realizado en Buenos Aires, en la sede de la Administraci\u00f3n General de Puertos (AGP), se cre\u00f3 el Comit\u00e9 Ejecutivo de la V\u00eda Navegable Troncal, que estar\u00e1 integrado por usuarios de la V\u00eda Navegable Troncal y las autoridades gubernamentales.<\/p>\n<p>Entre ellos se encontrar\u00e1 el concurso del titular de la Subsecretar\u00eda de Puertos, encabezada por Patricio Hogan y, adem\u00e1s, la propia AGP, con la presencia del necochense, ingeniero Mario Goicoechea, actual jefe de Asesores de la intervenci\u00f3n de que rige en dicha Administraci\u00f3n.<\/p>\n<p>Este instituto significa la creaci\u00f3n de una mesa de di\u00e1logo formal entre las autoridades y los usuarios directos de la VNT, con el objetivo de fortalecer y mejorar las condiciones de la v\u00eda a trav\u00e9s del trabajo mancomunado.<\/p>\n<p>Desde septiembre del a\u00f1o 2021, y bajo la conducci\u00f3n de Jos\u00e9 Beni, AGP mantiene un di\u00e1logo fluido con estos sectores, en distintas reuniones frecuentes.<\/p>\n<p>La creaci\u00f3n de esta Comit\u00e9 tiene el fin de institucionalizar el v\u00ednculo entre los protagonistas de la vida de la VNT y las autoridades que toman las decisiones.<\/p>\n<p>Esto se suma a los espacios ya previamente constituidos como las reuniones de usuarios, donde los equipos t\u00e9cnicos de la AGP y de los representantes de los usuarios, se encuentran de manera quincenal para debatir sobre los aspectos espec\u00edficos de la infraestructura que implica la V\u00eda Navegable Troncal.<\/p>\n<p>Dicho espacio t\u00e9cnico incluye asimismo a la C\u00e1mara de Practicaje, capitanes, navegantes, Prefectura Naval Argentina y representantes de los trabajadores, en una mesa ampliada.<\/p>\n<p>Gesti\u00f3n abierta<\/p>\n<p>A su vez, en l\u00ednea con el modelo de gesti\u00f3n abierto o transparente que encar\u00f3 la AGP en la VNT, el organismo publica sus datos en distintos informes de gesti\u00f3n que detallan acerca de la facturaci\u00f3n, las obras realizadas, las estad\u00edsticas de tr\u00e1fico, y los trabajos de dragado, balizamiento, y control hidrom\u00e9trico.<\/p>\n<p>La conformaci\u00f3n del Comit\u00e9 se\u00a0 defini\u00f3 tras un encuentro encabezado por el interventor de la AGP, Jos\u00e9 Beni y el Subsecretario de Puertos, V\u00edas Navegables y Marina Mercante de la Naci\u00f3n, Patricio Hogan, junto a Gustavo Id\u00edgoras \u2013de la C\u00e1mara de Industrias Aceiteras de la Rep\u00fablica Argentina y la C\u00e1mara de Exportadores de Cereales-, Alfredo Ses\u00e9, Secretario de la Comisi\u00f3n de Transporte de la Bolsa de Comercio de Rosario, Pablo Neirotti, de la C\u00e1mara de Actividades Portuarias y Mar\u00edtimas, Juan Iocco, Vicepresidente del Departamento de Transporte y Log\u00edstica de la Uni\u00f3n Industrial Argentina, y Luis Zubizarreta, de la C\u00e1mara de Puertos Privados, quienes pasar\u00e1n a formar parte de la mesa que defina cuestiones estrat\u00e9gicas del manejo de la v\u00eda, mientras que se mantendr\u00e1n los encuentros t\u00e9cnicos peri\u00f3dicos que ya se ven\u00edan realizando.<\/p>\n<p>Tambi\u00e9n formaron parte del encuentro el director del Centro Nacional de Capacitaci\u00f3n Portuaria (Cencapor), Diego Salom, el jefe de gabinete de la Subsecretar\u00eda de Puertos, Cristian Rigueiro, y -se reitera- el ingeniero Mario Goicoechea, jefe de Asesores de la intervenci\u00f3n de la AGP.<\/p>\n","protected":false},"excerpt":{"rendered":"<p>Estar\u00e1 integrado por usuarios de la V\u00eda Navegable Troncal (VNT) y autoridades gubernamentales, entre ellas el jefe de asesores de la intervenci\u00f3n de la Administraci\u00f3n General de Puertos (AGP), el ingeniero Mario Goicoechea. Por Jorge G\u00f3mez Tras un encuentro realizado en Buenos Aires, en la sede de la Administraci\u00f3n General de Puertos (AGP), se cre\u00f3 [&hellip;]<\/p>\n","protected":false},"author":3,"featured_media":100041,"comment_status":"closed","ping_status":"closed","sticky":false,"template":"","format":"standard","meta":{"footnotes":""},"categories":[5],"tags":[],"class_list":{"0":"post-100037","1":"post","2":"type-post","3":"status-publish","4":"format-standard","5":"has-post-thumbnail","7":"category-neco"},"_links":{"self":[{"href":"https:\/\/primicias2262.com\/noticias\/wp-json\/wp\/v2\/posts\/100037","targetHints":{"allow":["GET"]}}],"collection":[{"href":"https:\/\/primicias2262.com\/noticias\/wp-json\/wp\/v2\/posts"}],"about":[{"href":"https:\/\/primicias2262.com\/noticias\/wp-json\/wp\/v2\/types\/post"}],"author":[{"embeddable":true,"href":"https:\/\/primicias2262.com\/noticias\/wp-json\/wp\/v2\/users\/3"}],"replies":[{"embeddable":true,"href":"https:\/\/primicias2262.com\/noticias\/wp-json\/wp\/v2\/comments?post=100037"}],"version-history":[{"count":0,"href":"https:\/\/primicias2262.com\/noticias\/wp-json\/wp\/v2\/posts\/100037\/revisions"}],"wp:featuredmedia":[{"embeddable":true,"href":"https:\/\/primicias2262.com\/noticias\/wp-json\/"}],"wp:attachment":[{"href":"https:\/\/primicias2262.com\/noticias\/wp-json\/wp\/v2\/media?parent=100037"}],"wp:term":[{"taxonomy":"category","embeddable":true,"href":"https:\/\/primicias2262.com\/noticias\/wp-json\/wp\/v2\/categories?post=100037"},{"taxonomy":"post_tag","embeddable":true,"href":"https:\/\/primicias2262.com\/noticias\/wp-json\/wp\/v2\/tags?post=100037"}],"curies":[{"name":"wp","href":"https:\/\/api.w.org\/{rel}","templated":true}]}}