{"id":100039,"date":"2023-05-19T08:39:38","date_gmt":"2023-05-19T11:39:38","guid":{"rendered":"https:\/\/primicias2262.com\/?p=100039"},"modified":"2023-06-21T12:20:50","modified_gmt":"2023-06-21T12:20:50","slug":"precandidatos-a-intendente-bravo-y-unibaso-palpitan-la-asamblea-radical-de-junio","status":"publish","type":"post","link":"https:\/\/primicias2262.com\/noticias\/precandidatos-a-intendente-bravo-y-unibaso-palpitan-la-asamblea-radical-de-junio\/","title":{"rendered":"Precandidatos a Intendente: Bravo y Unibaso palpitan la asamblea radical de junio"},"content":{"rendered":"<p><strong>Tras el plenario desarrollado en abril, donde la Uni\u00f3n C\u00edvica Radical de Necochea decidi\u00f3 que presentar\u00e1 un \u00fanico precandidato a intendente dentro del espacio de Juntos de cara a las PASO del 13 de agosto, los precandidatos Walter Bravo y Dami\u00e1n Unibaso explicaron las propuestas que elevaron ante el Comit\u00e9 \u201cEmiliano Ab\u00e1solo\u201d al inicio de esta semana. Ambos lo hicieron en el programa \u201cVoces de la Ciudad\u201d, al ser entrevistados por el periodista Jorge G\u00f3mez.<\/strong><\/p>\n<p>El primero de ellos, Walter Bravo, especific\u00f3 que \u201cno es una propuesta m\u00eda, sino de todo el espacio del radicalismo que me impulsa, y fundamentalmente nos basamos en la unidad partidaria. Tenemos un claro objetivo, y es que la Uni\u00f3n C\u00edvica Radical lidere este proceso hacia el Ejecutivo, y que sea la que lidere en Juntos porque creemos que podemos llegar a ser una propuesta muy atractiva para el electorado\u201d.<\/p>\n<p>\u201cFundados en esto -prosigui\u00f3 explicando-, y en la decisi\u00f3n del plenario, de que la UCR tenga su precandidato, hacemos la propuesta de Asamblea de Afiliados, a realizarse el viernes 9 de junio\u201d, para insistir en que \u201capuntamos a la unidad partidaria, nosotros vamos en pos de eso, por eso nos exponemos a una asamblea con la cantidad de precandidatos que sean\u201d, y acot\u00f3 que \u201cotro punto importante es el que le da mandato a ese candidato que va a estar nutrido de la conformaci\u00f3n de las listas que se propongan para poder buscar dentro de Juntos un frente mucho m\u00e1s amplio y una propuesta mucho m\u00e1s atractiva\u201d.<\/p>\n<p><a href=\"https:\/\/primicias2262.com\/wp-content\/uploads\/2023\/05\/walter-bravo-ucr.jpeg\"><img loading=\"lazy\" decoding=\"async\" class=\"aligncenter size-full wp-image-100035\" src=\"https:\/\/primicias2262.com\/wp-content\/uploads\/2023\/05\/walter-bravo-ucr.jpeg\" alt=\"\" width=\"1024\" height=\"768\" \/><\/a>\u201cSobre todo, nuestra propuesta busca la unidad de la Uni\u00f3n C\u00edvica Radical, porque vemos la clara oportunidad de liderar Juntos de cara a las PASO, y a partir de poder ganar las PASO ser una propuesta atractiva para el electorado del distrito\u201d, reafirm\u00f3 finalmente.<\/p>\n<p><strong>Cuatro aspectos fundamentales<\/strong><\/p>\n<p>Por su parte, Dami\u00e1n Unibaso repas\u00f3 que \u201cen abril los radicales decidimos en plenario que \u00edbamos a ir con una propuesta \u00fanica con nuestro propio candidato a intendente, y una vez decidido eso hab\u00eda que encontrar el mecanismo, y la forma de resolver una \u00fanica oferta electoral para las PASO por parte del Comit\u00e9 fue convocar a los que hab\u00edan manifestado su pretensi\u00f3n a ser intendente\u201d.<\/p>\n<p>El joven precandidato, y expresidente del Comit\u00e9, puso el foco de su postura en cuatro aspectos, al asegurar que \u201clos que me conocen a m\u00ed y al grupo que propicia mi candidatura saben que somos amigos de la democracia interna y de la asamblea, entonces la propuesta gira en torno a eso: conseguir un mecanismo lo m\u00e1s amplio posible en tiempo, espacio, expectativas y volumen pol\u00edtico\u201d.<\/p>\n<p><a href=\"https:\/\/primicias2262.com\/wp-content\/uploads\/2023\/05\/damian-unibaso-576.jpeg\"><img loading=\"lazy\" decoding=\"async\" class=\"aligncenter size-full wp-image-100033\" src=\"https:\/\/primicias2262.com\/wp-content\/uploads\/2023\/05\/damian-unibaso-576.jpeg\" alt=\"\" width=\"1024\" height=\"768\" \/><\/a>Respecto al tiempo, a diferencia del grupo de Bravo, que propone la asamblea para el 9 de junio, Unibaso manifest\u00f3 que es necesario que sea el s\u00e1bado 10 u domingo 11 de junio; respecto al concepto de espacio, cree necesario que \u201ctodas las c\u00e9lulas radicales del distrito puedan recibir a sus afiliados para decidir sus candidatos\u201d; en cuanto a las expectativas, anhel\u00f3 que \u201cse pueda contener a todos los sectores internos del partido\u201d; y por \u00faltimo, en lo que concierne a volumen pol\u00edtico, Unibaso afirm\u00f3 que \u201csi la asamblea tiene que ser el 10 de junio, que a mitad de esa semana los candidatos a intendentes, concejales y consejeros escolares podamos contarle a los afiliados cu\u00e1les son las propuestas y qu\u00e9 es lo que pretendemos si nos toca en suerte ser gesti\u00f3n. Creo que es la manera m\u00e1s digna de conseguir amplitud en esos cuatro aspectos\u201d.<\/p>\n<p>Finalmente, Unibaso tambi\u00e9n coincidi\u00f3 con Bravo en buscar el establecimiento del liderazgo de la UCR dentro de Juntos: \u201cA diferencia de 2021 que hubo dos vertientes, hoy tenemos la posibilidad de ir unificados los radicales de Necochea, y somos conscientes de que cuando estamos unidos y fortalecidos tenemos un piso de entre 10 mil y 15 mil votos, y ya no podemos llevarle m\u00e1s incertidumbre a la ciudadan\u00eda, sino una propuesta concreta y seria\u201d, concluy\u00f3.<\/p>\n","protected":false},"excerpt":{"rendered":"<p>Tras el plenario desarrollado en abril, donde la Uni\u00f3n C\u00edvica Radical de Necochea decidi\u00f3 que presentar\u00e1 un \u00fanico precandidato a intendente dentro del espacio de Juntos de cara a las PASO del 13 de agosto, los precandidatos Walter Bravo y Dami\u00e1n Unibaso explicaron las propuestas que elevaron ante el Comit\u00e9 \u201cEmiliano Ab\u00e1solo\u201d al inicio de [&hellip;]<\/p>\n","protected":false},"author":3,"featured_media":100294,"comment_status":"closed","ping_status":"closed","sticky":false,"template":"","format":"standard","meta":{"footnotes":""},"categories":[5],"tags":[],"class_list":{"0":"post-100039","1":"post","2":"type-post","3":"status-publish","4":"format-standard","5":"has-post-thumbnail","7":"category-neco"},"_links":{"self":[{"href":"https:\/\/primicias2262.com\/noticias\/wp-json\/wp\/v2\/posts\/100039","targetHints":{"allow":["GET"]}}],"collection":[{"href":"https:\/\/primicias2262.com\/noticias\/wp-json\/wp\/v2\/posts"}],"about":[{"href":"https:\/\/primicias2262.com\/noticias\/wp-json\/wp\/v2\/types\/post"}],"author":[{"embeddable":true,"href":"https:\/\/primicias2262.com\/noticias\/wp-json\/wp\/v2\/users\/3"}],"replies":[{"embeddable":true,"href":"https:\/\/primicias2262.com\/noticias\/wp-json\/wp\/v2\/comments?post=100039"}],"version-history":[{"count":1,"href":"https:\/\/primicias2262.com\/noticias\/wp-json\/wp\/v2\/posts\/100039\/revisions"}],"predecessor-version":[{"id":100295,"href":"https:\/\/primicias2262.com\/noticias\/wp-json\/wp\/v2\/posts\/100039\/revisions\/100295"}],"wp:featuredmedia":[{"embeddable":true,"href":"https:\/\/primicias2262.com\/noticias\/wp-json\/wp\/v2\/media\/100294"}],"wp:attachment":[{"href":"https:\/\/primicias2262.com\/noticias\/wp-json\/wp\/v2\/media?parent=100039"}],"wp:term":[{"taxonomy":"category","embeddable":true,"href":"https:\/\/primicias2262.com\/noticias\/wp-json\/wp\/v2\/categories?post=100039"},{"taxonomy":"post_tag","embeddable":true,"href":"https:\/\/primicias2262.com\/noticias\/wp-json\/wp\/v2\/tags?post=100039"}],"curies":[{"name":"wp","href":"https:\/\/api.w.org\/{rel}","templated":true}]}}