{"id":100053,"date":"2023-05-20T09:48:38","date_gmt":"2023-05-20T12:48:38","guid":{"rendered":"https:\/\/primicias2262.com\/?p=100053"},"modified":"2023-06-16T20:24:28","modified_gmt":"2023-06-16T20:24:28","slug":"veo-una-gran-quietud-de-los-concejales-la-gente-no-los-conoce","status":"publish","type":"post","link":"https:\/\/primicias2262.com\/noticias\/veo-una-gran-quietud-de-los-concejales-la-gente-no-los-conoce\/","title":{"rendered":"\u201cVeo una gran quietud de los concejales, la gente no los conoce\u201d"},"content":{"rendered":"<p><strong>As\u00ed lo afirm\u00f3 Daniel Salvucci, armador local de la l\u00ednea de Fernando Burlando en Necochea, y quien en \u201cVoces de la Ciudad\u201d apunt\u00f3 hacia el Concejo Deliberante actual en el contexto de la carrera de las precandidaturas para las elecciones PASO de agosto pr\u00f3ximo.<\/strong><\/p>\n<p>En di\u00e1logo con el periodista Jorge G\u00f3mez, quien fuera concejal en las ciudades de Merlo y 3 de Febrero, pero que en Necochea se lo conoce m\u00e1s bien vinculado al mundo del tango, aclar\u00f3 que es representante pol\u00edtico y armador local de la l\u00ednea del MIF (Movimiento de Integraci\u00f3n Federal), que tom\u00f3 Fernando Burlando desde la Provincia para lanzar su campa\u00f1a a gobernador. \u201cA m\u00ed me toca la tarea de ser el conductor en Necochea, y pronto presentaremos en conferencia de prensa toda la lista\u201d.<\/p>\n<p>En ese sentido, dej\u00f3 bien en claro que \u00e9l no ser\u00e1 precandidato a Intendente, y anticip\u00f3 que \u201cno venimos de la pol\u00edtica y todos los que integramos la lista somos profesionales, comerciantes y empresarios que no han estado nunca en pol\u00edtica\u201d, para apuntar que \u201cse hizo dif\u00edcil el momento de definir el precandidato porque tambi\u00e9n ten\u00edamos candidata, pero lo bueno es que contamos con personas importantes que vienen con proyectos que ten\u00edan guardados porque nunca tuvieron espacio o no se decidieron ellos a dar el alto\u201d.<\/p>\n<p>Salvucci tambi\u00e9n dio a entender que la mayor\u00eda de los integrantes del MIF han estado en la \u00e9poca del menemismo, han trabajado todo juntos y han logrado mantener la estructural del MIF: \u201cMe siento muy conforme en el movimiento porque hay un contacto muy directo con Fernando Burlando y entre todos. Actualmente, nos estamos reuniendo en el Centro de Jubilados Barrio Oeste, en la esquina de 65 y 76\u201d.<\/p>\n<p>A la hora de analizar la pol\u00edtica y la formaci\u00f3n requerida para ocupar cargos, Salvucci manifest\u00f3 que \u201chay muchos audaces que se han tirado a la pol\u00edtica y as\u00ed estamos como estamos, pero en el caso de Fernando (Burlando) no se inserta reci\u00e9n en la pol\u00edtica, ya estuvo participando en la \u00e9poca de Menem y tambi\u00e9n recientemente junto a Mar\u00eda Eugenia Vidal, as\u00ed que tiene experiencia pol\u00edtica y aparte un equipo de trabajo muy grande para poder volcar proyectos, y \u00e9l tiene proyectos de verdad, no planes, que es la diferencia, y es lo que tenemos que traer a la Provincia de Buenos Aires y a Necochea\u201d.<\/p>\n<p>En el caso de Necochea, opin\u00f3 que \u201csi eval\u00fao los \u00faltimos diez a\u00f1os la veo mejor a la ciudad, no bien, pero mejor\u201d, reconoci\u00f3 que Arturo Rojas mide bien y se\u00f1al\u00f3 que ve con preocupaci\u00f3n el crecimiento de la delincuencia.<\/p>\n<p>Fue all\u00ed cuando carg\u00f3 las tintas contra el cuerpo legislativo local. \u201cVemos una gran quietud del Concejo Deliberante, la gente no los conoce. Yo vengo del conurbano, estuve ocho a\u00f1os en el Concejo Deliberante de Merlo, donde empez\u00e1bamos a las 6 de la ma\u00f1ana a atender gente, eran las 9 de la noche y est\u00e1bamos atendiendo gente y recorriendo los barrios\u2026 despu\u00e9s estuve seis a\u00f1os con Hugo Curto en 3 de Febrero, que se levantaba a las 4 de la ma\u00f1ana y empezaba a atender gente en el municipio todos los d\u00edas, y ese es el sistema de trabajo\u201d.<\/p>\n<p>\u201cAc\u00e1 veo que a las 9 de la ma\u00f1ana marcan tarjeta, si vienen\u2026 toman el tecito y el cafecito y se van a las 13, al barrio ni van\u201d, complet\u00f3 en su reflexi\u00f3n sobre los cioncejales.<\/p>\n<p>Finalmente, Salvucci se despeg\u00f3 de Todos y Juntos al asegurar que \u201ctenemos identidad propia y no venimos a ponerle piedras en el camino al Intendente, Burlando dijo que necesita que esto contin\u00fae y que contin\u00fae bien, que se puedan plasmar los proyectos m\u00e1s all\u00e1 de quien est\u00e9 en la intendencia\u201d, para bancar en el cierre el proyecto de exploraci\u00f3n petrol\u00edfera: \u201cHay muchas cosas por hacer, por ejemplo aprovechar el lanzamiento de la plataforma petrolera, hay que pensar en que 600 personas de nuestra ciudad van a trabajar en esa plataforma, hay que proyectarse en esas cosas, en las que se puedan plasmar\u201d.<\/p>\n","protected":false},"excerpt":{"rendered":"<p>As\u00ed lo afirm\u00f3 Daniel Salvucci, armador local de la l\u00ednea de Fernando Burlando en Necochea, y quien en \u201cVoces de la Ciudad\u201d apunt\u00f3 hacia el Concejo Deliberante actual en el contexto de la carrera de las precandidaturas para las elecciones PASO de agosto pr\u00f3ximo. En di\u00e1logo con el periodista Jorge G\u00f3mez, quien fuera concejal en [&hellip;]<\/p>\n","protected":false},"author":3,"featured_media":100225,"comment_status":"closed","ping_status":"closed","sticky":false,"template":"","format":"standard","meta":{"footnotes":""},"categories":[5],"tags":[],"class_list":{"0":"post-100053","1":"post","2":"type-post","3":"status-publish","4":"format-standard","5":"has-post-thumbnail","7":"category-neco"},"_links":{"self":[{"href":"https:\/\/primicias2262.com\/noticias\/wp-json\/wp\/v2\/posts\/100053","targetHints":{"allow":["GET"]}}],"collection":[{"href":"https:\/\/primicias2262.com\/noticias\/wp-json\/wp\/v2\/posts"}],"about":[{"href":"https:\/\/primicias2262.com\/noticias\/wp-json\/wp\/v2\/types\/post"}],"author":[{"embeddable":true,"href":"https:\/\/primicias2262.com\/noticias\/wp-json\/wp\/v2\/users\/3"}],"replies":[{"embeddable":true,"href":"https:\/\/primicias2262.com\/noticias\/wp-json\/wp\/v2\/comments?post=100053"}],"version-history":[{"count":1,"href":"https:\/\/primicias2262.com\/noticias\/wp-json\/wp\/v2\/posts\/100053\/revisions"}],"predecessor-version":[{"id":100226,"href":"https:\/\/primicias2262.com\/noticias\/wp-json\/wp\/v2\/posts\/100053\/revisions\/100226"}],"wp:featuredmedia":[{"embeddable":true,"href":"https:\/\/primicias2262.com\/noticias\/wp-json\/wp\/v2\/media\/100225"}],"wp:attachment":[{"href":"https:\/\/primicias2262.com\/noticias\/wp-json\/wp\/v2\/media?parent=100053"}],"wp:term":[{"taxonomy":"category","embeddable":true,"href":"https:\/\/primicias2262.com\/noticias\/wp-json\/wp\/v2\/categories?post=100053"},{"taxonomy":"post_tag","embeddable":true,"href":"https:\/\/primicias2262.com\/noticias\/wp-json\/wp\/v2\/tags?post=100053"}],"curies":[{"name":"wp","href":"https:\/\/api.w.org\/{rel}","templated":true}]}}