{"id":100284,"date":"2023-06-21T12:18:09","date_gmt":"2023-06-21T12:18:09","guid":{"rendered":"https:\/\/primicias2262.com\/noticias\/?p=100284"},"modified":"2023-06-21T12:18:09","modified_gmt":"2023-06-21T12:18:09","slug":"paula-cocco-y-patricia-luciano-serian-los-primeros-precandidatos-al-concejo-y-al-consejo-escolar-en-la-lista-de-walter-bravo","status":"publish","type":"post","link":"https:\/\/primicias2262.com\/noticias\/paula-cocco-y-patricia-luciano-serian-los-primeros-precandidatos-al-concejo-y-al-consejo-escolar-en-la-lista-de-walter-bravo\/","title":{"rendered":"Paula Cocco y Patricia Luciano ser\u00edan los primeros precandidatos al Concejo y al Consejo Escolar en la lista de Walter Bravo"},"content":{"rendered":"<p><strong>Trascendi\u00f3 en las \u00faltimas horas buena parte de la n\u00f3mina que acompa\u00f1ar\u00e1 al precandidato a intendente de Necochea por la lista de Uno Como Vos. Y se anotar\u00edan junto al quequenense en la competencia electoral primaria que llevar\u00e1 a cabo el frente Juntos en el distrito de Necochea el domingo 13 de agosto pr\u00f3ximo<\/strong><\/p>\n<p><strong>Por Jorge G\u00f3mez<\/strong><\/p>\n<p>A pocos d\u00edas de presentarse las listas de precandidatos a cargos electivos en la Provincia de Buenos Aires para las elecciones primarias abiertas, simult\u00e1neas y obligatorias a realizarse el pr\u00f3ximo domingo 13 de agosto, en el transcurrir de la siesta de este s\u00e1bado 17 de junio trascendi\u00f3 que Walter Bravo, aspirante a la Intendencia de Necochea por la lista Uno Como Vos en nombre del frente Juntos, tendr\u00eda ya definida buena parte de la n\u00f3mina de los que quedar\u00edan inscriptos como aspirantes al Concejo Deliberante y al Consejo Escolar.<\/p>\n<p>Ser\u00edan, por ende, quienes lo acompa\u00f1ar\u00edan al quequenense en las aludidas PASO, participando de la interna del mencionado Frente Juntos, teniendo pertenencia en el ideario de la Uni\u00f3n C\u00edvica Radical.<\/p>\n<p>\u201cLa idea es darle una fuerte impronta de renovaci\u00f3n\u201d, dio cuenta un allegado a Bravo, quien este fin de semana largo ultimaba los detalles para la elevaci\u00f3n de la n\u00f3mina a la Junta Electoral de Juntos, tr\u00e1mite que se cumplir\u00eda a partir del primer d\u00eda h\u00e1bil de la pr\u00f3xima semana. El cierre y presentaci\u00f3n de listas tiene como fecha l\u00edmite el s\u00e1bado 24 de junio.<\/p>\n<p>La misma fuente anticip\u00f3 que Paula Cocco y Cristian Ferreyra ser\u00edan los primeros precandidatos a concejales, tras lo cual se encolumnar\u00edan el dirigente de la Dulce Fernando Issin, y la representante de Energ\u00eda Bibiana Erasun. Claudio Paoletti ser\u00eda el sexto precandidato, y tras de este se hallar\u00edan Patricia Goeyenesphe, y Leonardo Taboh. \u201cEsperamos el s\u00ed tambi\u00e9n de alguien para la postulaci\u00f3n al noveno lugar para el Concejo\u201d, se acot\u00f3.<\/p>\n<p>Los precandidatos a ediles, en calidad de suplentes, que estar\u00edan en l\u00ednea y avalando el proyecto pol\u00edtico-electoral de Walter Bravo ser\u00edan Fabi\u00e1n Solari, M\u00f3nica Rivero, Pablo Eugenio, Mariela Chaparro, Alejandro Qui\u00f1ones y Marina Gordillo.<\/p>\n<p>Por su parte, Patricia Luciano, Mart\u00edn Moller y Perla Apreda habr\u00edan dado su consentimiento y ser\u00edan los primeros tres precandidatos al Consejo Escolar ante el ofrecimiento realizado por Walter Bravo. Y cerrando la lista como postulantes suplentes al Consejo Escolar estar\u00edan tambi\u00e9n confirmados asimismo los nombres de Micaela R\u00edos Conti y Roberto Ardanaz.<\/p>\n<p>Conocidos estos datos y visto el escenario que exhiben los dirigentes que se expresan en nombre de Juntos -especialmente originarios de la UCR y del PRO-, los nombres citados por aqu\u00ed pasar\u00edan a ser los primeros que habr\u00edan cerrado filas en un acuerdo pol\u00edtico-electoral. \u201cTenemos lista y vamos a competir en agosto, con Walter Bravo en calidad de precandidato a intendente\u201d, reafirm\u00f3 aquella fuente.<\/p>\n","protected":false},"excerpt":{"rendered":"<p>Trascendi\u00f3 en las \u00faltimas horas buena parte de la n\u00f3mina que acompa\u00f1ar\u00e1 al precandidato a intendente de Necochea por la lista de Uno Como Vos. Y se anotar\u00edan junto al quequenense en la competencia electoral primaria que llevar\u00e1 a cabo el frente Juntos en el distrito de Necochea el domingo 13 de agosto pr\u00f3ximo Por [&hellip;]<\/p>\n","protected":false},"author":3,"featured_media":100287,"comment_status":"open","ping_status":"open","sticky":false,"template":"","format":"standard","meta":{"footnotes":""},"categories":[5],"tags":[],"class_list":{"0":"post-100284","1":"post","2":"type-post","3":"status-publish","4":"format-standard","5":"has-post-thumbnail","7":"category-neco"},"_links":{"self":[{"href":"https:\/\/primicias2262.com\/noticias\/wp-json\/wp\/v2\/posts\/100284","targetHints":{"allow":["GET"]}}],"collection":[{"href":"https:\/\/primicias2262.com\/noticias\/wp-json\/wp\/v2\/posts"}],"about":[{"href":"https:\/\/primicias2262.com\/noticias\/wp-json\/wp\/v2\/types\/post"}],"author":[{"embeddable":true,"href":"https:\/\/primicias2262.com\/noticias\/wp-json\/wp\/v2\/users\/3"}],"replies":[{"embeddable":true,"href":"https:\/\/primicias2262.com\/noticias\/wp-json\/wp\/v2\/comments?post=100284"}],"version-history":[{"count":1,"href":"https:\/\/primicias2262.com\/noticias\/wp-json\/wp\/v2\/posts\/100284\/revisions"}],"predecessor-version":[{"id":100289,"href":"https:\/\/primicias2262.com\/noticias\/wp-json\/wp\/v2\/posts\/100284\/revisions\/100289"}],"wp:featuredmedia":[{"embeddable":true,"href":"https:\/\/primicias2262.com\/noticias\/wp-json\/wp\/v2\/media\/100287"}],"wp:attachment":[{"href":"https:\/\/primicias2262.com\/noticias\/wp-json\/wp\/v2\/media?parent=100284"}],"wp:term":[{"taxonomy":"category","embeddable":true,"href":"https:\/\/primicias2262.com\/noticias\/wp-json\/wp\/v2\/categories?post=100284"},{"taxonomy":"post_tag","embeddable":true,"href":"https:\/\/primicias2262.com\/noticias\/wp-json\/wp\/v2\/tags?post=100284"}],"curies":[{"name":"wp","href":"https:\/\/api.w.org\/{rel}","templated":true}]}}