{"id":100285,"date":"2023-06-21T12:18:35","date_gmt":"2023-06-21T12:18:35","guid":{"rendered":"https:\/\/primicias2262.com\/noticias\/?p=100285"},"modified":"2023-06-22T14:21:10","modified_gmt":"2023-06-22T14:21:10","slug":"avanza-la-construccion-de-la-planta-de-reciclado-de-residuos","status":"publish","type":"post","link":"https:\/\/primicias2262.com\/noticias\/avanza-la-construccion-de-la-planta-de-reciclado-de-residuos\/","title":{"rendered":"Avanza la construcci\u00f3n de la planta de reciclado de residuos"},"content":{"rendered":"<p><strong>Por Jorge G\u00f3mez\u00a0\u00a0<\/strong><\/p>\n<p>Ya se conocen las primeras fotos y un video de los trabajos que se llevan a cabo en la construcci\u00f3n de lo que ser\u00e1 la futura planta de separaci\u00f3n y de reciclado de residuos s\u00f3lidos urbanos, en cumplimiento del nuevo convenio que vincula a la Municipalidad de Necochea con la empresa RELISA, encargada de la recolecci\u00f3n y trabamiento de tales residuos.<\/p>\n<p>Los primeros datos dan cuenta de que para antes de que finalice el presente invierno podr\u00eda inaugurarse la primera etapa del lugar, situado en lo que se conoce como el \u00abviejo vaciadero\u00bb, en el cruce de calles 90 y 107.<\/p>\n<p><a href=\"https:\/\/primicias2262.com\/noticias\/wp-content\/uploads\/2023\/06\/planta-reciclado2.jpeg\"><img loading=\"lazy\" decoding=\"async\" class=\"aligncenter size-full wp-image-100332\" src=\"https:\/\/primicias2262.com\/noticias\/wp-content\/uploads\/2023\/06\/planta-reciclado2.jpeg\" alt=\"\" width=\"1280\" height=\"720\" srcset=\"https:\/\/primicias2262.com\/noticias\/wp-content\/uploads\/2023\/06\/planta-reciclado2.jpeg 1280w, https:\/\/primicias2262.com\/noticias\/wp-content\/uploads\/2023\/06\/planta-reciclado2-300x169.jpeg 300w, https:\/\/primicias2262.com\/noticias\/wp-content\/uploads\/2023\/06\/planta-reciclado2-1024x576.jpeg 1024w, https:\/\/primicias2262.com\/noticias\/wp-content\/uploads\/2023\/06\/planta-reciclado2-768x432.jpeg 768w, https:\/\/primicias2262.com\/noticias\/wp-content\/uploads\/2023\/06\/planta-reciclado2-150x84.jpeg 150w, https:\/\/primicias2262.com\/noticias\/wp-content\/uploads\/2023\/06\/planta-reciclado2-696x392.jpeg 696w, https:\/\/primicias2262.com\/noticias\/wp-content\/uploads\/2023\/06\/planta-reciclado2-1068x601.jpeg 1068w\" sizes=\"auto, (max-width: 1280px) 100vw, 1280px\" \/><\/a>All\u00ed se est\u00e1 erigiendo un galp\u00f3n de importantes dimensiones -de 20 por 40 metros- y se est\u00e1 acondicionando la superficie lindante, con otras dependencias que aportar\u00e1n a la tarea. El final de este proceso conllevar\u00e1 la actuaci\u00f3n de la Asociaci\u00f3n Civil Todo para Ellos para la posterior comercializaci\u00f3n de lo que se recicle.<\/p>\n<p>Adem\u00e1s de nivelarse el terreno, se observan en estos d\u00edas del actual oto\u00f1o las labores de construcci\u00f3n de las consiguientes bases y las columnas en que se levantar\u00e1 el aludido galp\u00f3n. All\u00ed es donde se recibir\u00e1n los diversos materiales provenientes de los residuos s\u00f3lidos para su procesamientos.<\/p>\n<p><a href=\"https:\/\/primicias2262.com\/noticias\/wp-content\/uploads\/2023\/06\/planta-reciclado3.jpeg\"><img loading=\"lazy\" decoding=\"async\" class=\"aligncenter size-full wp-image-100333\" src=\"https:\/\/primicias2262.com\/noticias\/wp-content\/uploads\/2023\/06\/planta-reciclado3.jpeg\" alt=\"\" width=\"1280\" height=\"720\" srcset=\"https:\/\/primicias2262.com\/noticias\/wp-content\/uploads\/2023\/06\/planta-reciclado3.jpeg 1280w, https:\/\/primicias2262.com\/noticias\/wp-content\/uploads\/2023\/06\/planta-reciclado3-300x169.jpeg 300w, https:\/\/primicias2262.com\/noticias\/wp-content\/uploads\/2023\/06\/planta-reciclado3-1024x576.jpeg 1024w, https:\/\/primicias2262.com\/noticias\/wp-content\/uploads\/2023\/06\/planta-reciclado3-768x432.jpeg 768w, https:\/\/primicias2262.com\/noticias\/wp-content\/uploads\/2023\/06\/planta-reciclado3-150x84.jpeg 150w, https:\/\/primicias2262.com\/noticias\/wp-content\/uploads\/2023\/06\/planta-reciclado3-696x392.jpeg 696w, https:\/\/primicias2262.com\/noticias\/wp-content\/uploads\/2023\/06\/planta-reciclado3-1068x601.jpeg 1068w\" sizes=\"auto, (max-width: 1280px) 100vw, 1280px\" \/><\/a>La planta se construye en terrenos de la Municipalidad. Y al t\u00e9rmino de la obra en cuesti\u00f3n, se le ceder\u00e1 a la comuna necochense la titularidad del predio, en cumplimiento del acuerdo que rige entre el poder concedente y la concesionaria.<\/p>\n","protected":false},"excerpt":{"rendered":"<p>Por Jorge G\u00f3mez\u00a0\u00a0 Ya se conocen las primeras fotos y un video de los trabajos que se llevan a cabo en la construcci\u00f3n de lo que ser\u00e1 la futura planta de separaci\u00f3n y de reciclado de residuos s\u00f3lidos urbanos, en cumplimiento del nuevo convenio que vincula a la Municipalidad de Necochea con la empresa RELISA, [&hellip;]<\/p>\n","protected":false},"author":3,"featured_media":100331,"comment_status":"open","ping_status":"open","sticky":false,"template":"","format":"standard","meta":{"footnotes":""},"categories":[3],"tags":[],"class_list":["post-100285","post","type-post","status-publish","format-standard","has-post-thumbnail","category-masnoticias"],"_links":{"self":[{"href":"https:\/\/primicias2262.com\/noticias\/wp-json\/wp\/v2\/posts\/100285","targetHints":{"allow":["GET"]}}],"collection":[{"href":"https:\/\/primicias2262.com\/noticias\/wp-json\/wp\/v2\/posts"}],"about":[{"href":"https:\/\/primicias2262.com\/noticias\/wp-json\/wp\/v2\/types\/post"}],"author":[{"embeddable":true,"href":"https:\/\/primicias2262.com\/noticias\/wp-json\/wp\/v2\/users\/3"}],"replies":[{"embeddable":true,"href":"https:\/\/primicias2262.com\/noticias\/wp-json\/wp\/v2\/comments?post=100285"}],"version-history":[{"count":3,"href":"https:\/\/primicias2262.com\/noticias\/wp-json\/wp\/v2\/posts\/100285\/revisions"}],"predecessor-version":[{"id":100334,"href":"https:\/\/primicias2262.com\/noticias\/wp-json\/wp\/v2\/posts\/100285\/revisions\/100334"}],"wp:featuredmedia":[{"embeddable":true,"href":"https:\/\/primicias2262.com\/noticias\/wp-json\/wp\/v2\/media\/100331"}],"wp:attachment":[{"href":"https:\/\/primicias2262.com\/noticias\/wp-json\/wp\/v2\/media?parent=100285"}],"wp:term":[{"taxonomy":"category","embeddable":true,"href":"https:\/\/primicias2262.com\/noticias\/wp-json\/wp\/v2\/categories?post=100285"},{"taxonomy":"post_tag","embeddable":true,"href":"https:\/\/primicias2262.com\/noticias\/wp-json\/wp\/v2\/tags?post=100285"}],"curies":[{"name":"wp","href":"https:\/\/api.w.org\/{rel}","templated":true}]}}