{"id":100293,"date":"2023-06-21T12:22:58","date_gmt":"2023-06-21T12:22:58","guid":{"rendered":"https:\/\/primicias2262.com\/noticias\/?p=100293"},"modified":"2023-06-22T17:05:42","modified_gmt":"2023-06-22T17:05:42","slug":"ordoqui-ya-palpita-las-elecciones-estamos-abocados-a-un-proyecto-de-ciudad-y-vamos-por-el-campeonato","status":"publish","type":"post","link":"https:\/\/primicias2262.com\/noticias\/ordoqui-ya-palpita-las-elecciones-estamos-abocados-a-un-proyecto-de-ciudad-y-vamos-por-el-campeonato\/","title":{"rendered":"Ordoqui ya palpita las elecciones: \u201cEstamos abocados a un proyecto de ciudad y vamos por el campeonato\u201d"},"content":{"rendered":"<p><strong>El precandidato a intendente por el sciolismo dentro del Frente nacional Uni\u00f3n por la Patria, Marcelo Ordoqui, se expres\u00f3 muy entusiasmado en \u201cVoces de la Ciudad\u201d al dialogar con el periodista Jorge G\u00f3mez, demostrando sus pretensiones a guiar los destinos del distrito a partir de este a\u00f1o.<\/strong><\/p>\n<p>\u201cYa ven\u00edamos trabajando en este esquema convencidos de que Daniel Scioli va a jugar en la precandidatura como presidente, Victoria Tolosa Paz como gobernadora y en mi persona para intendente, y ya hemos salido con mucha m\u00e1s fuerza e intensidad para estar en el escenario\u201d, avis\u00f3 primeramente Ordoqui.<\/p>\n<p>Luego avis\u00f3 que \u201cvenimos trabajando en una plataforma pol\u00edtica de proyecto de ciudad y distrito, y a la vez armando una lista para concejales y consejeros escolares que sobre el cierre del tiempo lo vamos a presentar, estamos entre todos tratando de generar la mejor lista para brindar la mejor oferta electoral para todos los vecinos del distrito\u201d.<\/p>\n<p>Al ser consultado precisamente por la lista de concejales y consejeros escolares, Ordoqui demostr\u00f3 sus pretensiones de ir m\u00e1s all\u00e1 y manifest\u00f3 que \u201csi bien todos ponen el acento en ello, que es importante y est\u00e1 muy bien, nosotros tambi\u00e9n estamos abocados a un proyecto de ciudad\u2026 nosotros vamos por el campeonato, por querer ser Ejecutivo y en ese esquema estamos pensando en hombres y mujeres -de nuestro espacio y de afuera-, para formar un equipo s\u00f3lido que genere pol\u00edticas p\u00fablicas para la transformaci\u00f3n del distrito\u201d.<\/p>\n<p>En ese contexto, quien fuera secretario de Gobierno durante la intendencia de Horacio Tellechea opin\u00f3 que \u201clas PASO son un escenario que ven\u00edamos pidiendo, entendemos que son absolutamente necesarias, de ning\u00fan modo atenta contra la unidad del espacio sino que la fortalece, pero cuando hay matices tan profundos indudablemente la \u00fanica forma de dirimir es a trav\u00e9s de las PASO y estamos muy contentos de que se produzcan\u201d.<\/p>\n<p>Finalmente, Ordoqui pronunci\u00f3 que \u201csomos optimistas porque vamos a ser una muy buena opci\u00f3n para la comunidad en lo que viene\u201d.<\/p>\n","protected":false},"excerpt":{"rendered":"<p>El precandidato a intendente por el sciolismo dentro del Frente nacional Uni\u00f3n por la Patria, Marcelo Ordoqui, se expres\u00f3 muy entusiasmado en \u201cVoces de la Ciudad\u201d al dialogar con el periodista Jorge G\u00f3mez, demostrando sus pretensiones a guiar los destinos del distrito a partir de este a\u00f1o. \u201cYa ven\u00edamos trabajando en este esquema convencidos de [&hellip;]<\/p>\n","protected":false},"author":3,"featured_media":100296,"comment_status":"open","ping_status":"open","sticky":false,"template":"","format":"standard","meta":{"footnotes":""},"categories":[3],"tags":[],"class_list":["post-100293","post","type-post","status-publish","format-standard","has-post-thumbnail","category-masnoticias"],"_links":{"self":[{"href":"https:\/\/primicias2262.com\/noticias\/wp-json\/wp\/v2\/posts\/100293","targetHints":{"allow":["GET"]}}],"collection":[{"href":"https:\/\/primicias2262.com\/noticias\/wp-json\/wp\/v2\/posts"}],"about":[{"href":"https:\/\/primicias2262.com\/noticias\/wp-json\/wp\/v2\/types\/post"}],"author":[{"embeddable":true,"href":"https:\/\/primicias2262.com\/noticias\/wp-json\/wp\/v2\/users\/3"}],"replies":[{"embeddable":true,"href":"https:\/\/primicias2262.com\/noticias\/wp-json\/wp\/v2\/comments?post=100293"}],"version-history":[{"count":1,"href":"https:\/\/primicias2262.com\/noticias\/wp-json\/wp\/v2\/posts\/100293\/revisions"}],"predecessor-version":[{"id":100297,"href":"https:\/\/primicias2262.com\/noticias\/wp-json\/wp\/v2\/posts\/100293\/revisions\/100297"}],"wp:featuredmedia":[{"embeddable":true,"href":"https:\/\/primicias2262.com\/noticias\/wp-json\/wp\/v2\/media\/100296"}],"wp:attachment":[{"href":"https:\/\/primicias2262.com\/noticias\/wp-json\/wp\/v2\/media?parent=100293"}],"wp:term":[{"taxonomy":"category","embeddable":true,"href":"https:\/\/primicias2262.com\/noticias\/wp-json\/wp\/v2\/categories?post=100293"},{"taxonomy":"post_tag","embeddable":true,"href":"https:\/\/primicias2262.com\/noticias\/wp-json\/wp\/v2\/tags?post=100293"}],"curies":[{"name":"wp","href":"https:\/\/api.w.org\/{rel}","templated":true}]}}