{"id":100299,"date":"2023-06-21T12:48:46","date_gmt":"2023-06-21T12:48:46","guid":{"rendered":"https:\/\/primicias2262.com\/noticias\/?p=100299"},"modified":"2023-06-21T12:48:46","modified_gmt":"2023-06-21T12:48:46","slug":"el-presidente-reclamo-el-cese-inmediato-de-la-represion-en-jujuy","status":"publish","type":"post","link":"https:\/\/primicias2262.com\/noticias\/el-presidente-reclamo-el-cese-inmediato-de-la-represion-en-jujuy\/","title":{"rendered":"El presidente reclam\u00f3 \u201cel cese inmediato de la represi\u00f3n\u201d en Jujuy"},"content":{"rendered":"<div class=\"col-12 col-sm-9\">\n<div class=\"nota_content mt-30\">\n<p><strong>El presidente Alberto Fern\u00e1ndez asegur\u00f3 que el gobernador de Jujuy, Gerardo Morales, \u201ces el \u00fanico responsable\u201d de haber llevado a la provincia a una \u201csituaci\u00f3n l\u00edmite\u201d, luego de que el titular de la Uni\u00f3n C\u00edvica Radical (UCR) lo responsabilizara por los incidentes a las puertas de la\u00a0 Legislatura juje\u00f1a.<\/strong><\/p>\n<p>\u201cUsted es el \u00fanico responsable de haber llevado a nuestra\u00a0 querida provincia de Jujuy a esta situaci\u00f3n l\u00edmite\u201d, remarc\u00f3 el\u00a0 jefe de Estado. En la misma l\u00ednea, acus\u00f3 a Morales de tratar de \u201cimponer una\u00a0 reforma constitucional que no respeta la Constituci\u00f3n Nacional\u201d, y\u00a0 remarc\u00f3 que \u201cdesatiende acuerdos internacionales, no escucha a los\u00a0 pueblos originarios y niega el derecho a la protesta\u201d.<\/p>\n<p>\u201cEl Gobierno Nacional respeta el federalismo y los resultados\u00a0 electorales locales, pero debe garantizar la convivencia y el\u00a0 respeto a los derechos humanos\u201d, plante\u00f3 el Presidente. Y exigi\u00f3 \u201cel cese inmediato de la represi\u00f3n\u201d y el llamado a una\u00a0 convocatoria de los actores a \u201cencontrar caminos de di\u00e1logo\u201d.<\/p>\n<p>Los dichos de Fern\u00e1ndez fueron pronunciados luego de que la\u00a0 Polic\u00eda juje\u00f1a enfrentara a manifestantes con gases y balas de\u00a0 goma, dejando el saldo de algunos heridos y destrozos por la zona.<\/p>\n<p>Tambi\u00e9n se registraron quemas de veh\u00edculos y puestos de diarios, adem\u00e1s de centenares de piedras en las calles en el marco\u00a0 de la manifestaci\u00f3n que tuvo lugar en la provincia contra la\u00a0 aprobaci\u00f3n de la nueva Carta Magna que proh\u00edbe los cortes de calle\u00a0 y de ruta.<\/p>\n<p>A trav\u00e9s del mensaje, el Presidente y titular del Partido\u00a0 Justicialista Nacional (PJ) cuestion\u00f3 la reforma a pesar de que\u00a0 los legisladores peronistas de la provincia garantizaron los votos\u00a0 para aprobarla.<\/p>\n<p>En las \u00faltimas horas, Morales reconoci\u00f3 que hab\u00eda \u201cdudas\u201d en\u00a0 los pueblos originarios respecto de los puntos que hacen referencia a la posesi\u00f3n de las tierras con recursos naturales\u00a0 preciados como el litio, y dio marcha atr\u00e1s con los dos art\u00edculos\u00a0 que abordan este tema, el 50 y el 36.<\/p>\n<p>Tras la avanzada sobre la Legislatura, el gobernador culp\u00f3 a\u00a0 Alberto Fern\u00e1ndez y a Cristina Kirchner por la violencia en las\u00a0 calles.<\/p>\n<p><strong>Cr\u00edticas de Juntos por el Cambio al kirchnerismo<\/strong><\/p>\n<p>Tras los incidentes producidos\u00a0 frente a la Legislatura Juje\u00f1a en el marco de las protestas contra la reforma de la Constituci\u00f3n de esa provincia, referentes de Juntos por el Cambio\u00a0lanzaron fuertes cr\u00edticas contra el kirchnerismo.<\/p>\n<p>\u201cLo que est\u00e1 pasando en Jujuy es la muestra de lo que es capaz\u00a0 el kirchnerismo resisti\u00e9ndose al cambio. De la mano de Milagro Sala salieron a romper toda la Legislatura Provincial donde se\u00a0 estaba aprobando una reforma constitucional decidida por la gente\u00a0 a trav\u00e9s de sus representantes\u201d, expres\u00f3 el jefe de Gobierno porte\u00f1o y precandidato a la presidencia, Horacio Rodr\u00edguez\u00a0 Larreta.<\/p>\n<p>Y agreg\u00f3: \u201cEste tipo de violencia antidemocr\u00e1tica nos la vamos\u00a0 a encontrar a partir del 10 de diciembre cuando empecemos a\u00a0 transformar la vida de los argentinos para siempre, y vamos a bancar igual que como lo est\u00e1 haciendo GerardoMorales con la Constituci\u00f3n y la ley como banderas, no vamos a dejar que nadie se\u00a0 quiera llevar puesto el cambio que vamos a decidir los argentinos\u201d.<\/p>\n<p>Aparte de Rodr\u00edguez Larreta, su rival en la interna del PRO,\u00a0 Patricia Bullrich, tambi\u00e9n se manifest\u00f3 en contra de lo ocurrido\u00a0 en las redes y culp\u00f3 la kirchnerimo de haber provocado los\u00a0 incidentes.\u00a0\u201cNinguna provocaci\u00f3n del kirchnerismo podr\u00e1 desviarnos del\u00a0 camino correcto. No se puede ceder ante la violencia: impondremos\u00a0 la firmeza de la ley y el orden. Estamos junto al gobernador de\u00a0 Jujuy y todo el pueblo juje\u00f1o\u201d, asegur\u00f3 la ex ministra de Seguridad de la Naci\u00f3n.<\/p>\n<p>En tanto, el diputado Jos\u00e9 Luis Espert, que se sum\u00f3 recientemente a Juntos por el Cambio, manifest\u00f3: \u201cLo que\u00a0 pasa ahora en Jujuy es la antesala golpista y antidemocr\u00e1tica del\u00a0 kirchnerismo frente a lo que puede ocurrir a partir del 10 de\u00a0 diciembre si pierden las elecciones. Toda mi solidaridad con el\u00a0 gobernado. Repudio total a estos incitadores\u00a0 profesionales\u201d.<\/p>\n<p>Otro diputado que expres\u00f3 su cr\u00edtica contra lo ocurrido fue Julio Cobos: \u201cRepudiamos los actos de vandalismo en\u00a0 Jujuy y pedimos a la justicia que act\u00fae frente a todos los\u00a0 responsables. Mi solidaridad con el Gobernador @GerardoMorales y\u00a0 con el pueblo de Jujuy que quiere vivir en paz y con orden\u201d, expres\u00f3 el ex vicepresidente de la naci\u00f3n.<\/p>\n<\/div>\n<\/div>\n","protected":false},"excerpt":{"rendered":"<p>El presidente Alberto Fern\u00e1ndez asegur\u00f3 que el gobernador de Jujuy, Gerardo Morales, \u201ces el \u00fanico responsable\u201d de haber llevado a la provincia a una \u201csituaci\u00f3n l\u00edmite\u201d, luego de que el titular de la Uni\u00f3n C\u00edvica Radical (UCR) lo responsabilizara por los incidentes a las puertas de la\u00a0 Legislatura juje\u00f1a. \u201cUsted es el \u00fanico responsable de [&hellip;]<\/p>\n","protected":false},"author":3,"featured_media":100300,"comment_status":"open","ping_status":"open","sticky":false,"template":"","format":"standard","meta":{"footnotes":""},"categories":[7],"tags":[],"class_list":{"0":"post-100299","1":"post","2":"type-post","3":"status-publish","4":"format-standard","5":"has-post-thumbnail","7":"category-nac"},"_links":{"self":[{"href":"https:\/\/primicias2262.com\/noticias\/wp-json\/wp\/v2\/posts\/100299","targetHints":{"allow":["GET"]}}],"collection":[{"href":"https:\/\/primicias2262.com\/noticias\/wp-json\/wp\/v2\/posts"}],"about":[{"href":"https:\/\/primicias2262.com\/noticias\/wp-json\/wp\/v2\/types\/post"}],"author":[{"embeddable":true,"href":"https:\/\/primicias2262.com\/noticias\/wp-json\/wp\/v2\/users\/3"}],"replies":[{"embeddable":true,"href":"https:\/\/primicias2262.com\/noticias\/wp-json\/wp\/v2\/comments?post=100299"}],"version-history":[{"count":1,"href":"https:\/\/primicias2262.com\/noticias\/wp-json\/wp\/v2\/posts\/100299\/revisions"}],"predecessor-version":[{"id":100301,"href":"https:\/\/primicias2262.com\/noticias\/wp-json\/wp\/v2\/posts\/100299\/revisions\/100301"}],"wp:featuredmedia":[{"embeddable":true,"href":"https:\/\/primicias2262.com\/noticias\/wp-json\/wp\/v2\/media\/100300"}],"wp:attachment":[{"href":"https:\/\/primicias2262.com\/noticias\/wp-json\/wp\/v2\/media?parent=100299"}],"wp:term":[{"taxonomy":"category","embeddable":true,"href":"https:\/\/primicias2262.com\/noticias\/wp-json\/wp\/v2\/categories?post=100299"},{"taxonomy":"post_tag","embeddable":true,"href":"https:\/\/primicias2262.com\/noticias\/wp-json\/wp\/v2\/tags?post=100299"}],"curies":[{"name":"wp","href":"https:\/\/api.w.org\/{rel}","templated":true}]}}