{"id":100305,"date":"2023-06-21T12:53:51","date_gmt":"2023-06-21T12:53:51","guid":{"rendered":"https:\/\/primicias2262.com\/noticias\/?p=100305"},"modified":"2023-06-21T12:53:51","modified_gmt":"2023-06-21T12:53:51","slug":"gracias-al-com-ya-se-nota-el-trabajo-coordinado-con-la-justicia-y-la-policia","status":"publish","type":"post","link":"https:\/\/primicias2262.com\/noticias\/gracias-al-com-ya-se-nota-el-trabajo-coordinado-con-la-justicia-y-la-policia\/","title":{"rendered":"Gracias al COM \u201cya se nota el trabajo coordinado con la justicia y la polic\u00eda\u201d"},"content":{"rendered":"<p><strong>As\u00ed lo defini\u00f3 el secretario de Gobierno, Jorge Mart\u00ednez, durante una visita a \u201cVoces de la Ciudad\u201d, donde se expres\u00f3 sobre varios temas, entre ellos, la funcionalidad del moderno Centro Operativo de Monitoreo, en Av. 58 entre 65 y 67.<\/strong><\/p>\n<p>En di\u00e1logo con el periodista Jorge G\u00f3mez, Mart\u00ednez asegur\u00f3 que m\u00e1s all\u00e1 de las m\u00e1s de 200 c\u00e1maras que tiene el COM al presente, \u201cya se trabaja en la ampliaci\u00f3n de 20 puntos m\u00e1s de captura\u201d, y afirm\u00f3 que \u201cla polic\u00eda va permanentemente a buscar informaci\u00f3n; lo tomamos como una gran responsabilidad para estar a la altura de la circunstancia y ya se nota el trabajo coordinado con la justicia y la polic\u00eda\u201d.<\/p>\n<p>Seguidamente, y sin dar grandes detalles, el funcionario confirm\u00f3 que gracias al COM en los \u00faltimos d\u00edas se han detectado casos complejos de inseguridad para dar r\u00e1pida intervenci\u00f3n, y acerca de las visitas a la nueva sede por parte de la C\u00e1mara Comercial de la ciudad y la CAPROQ sostuvo que \u201cseguimos invitando instituciones y la mayor\u00eda se sorprende de la tecnolog\u00eda que se est\u00e1 usando\u201d.<\/p>\n<p>En ese sentido, acot\u00f3 que \u201cinstamos a los comercios a que se acerquen a la sala de monitoreo, ya que es fundamental implementar el bot\u00f3n antip\u00e1nico, los invitamos a que se organicen y concurran\u201d.<\/p>\n<p>Finalmente, Mart\u00ednez se\u00f1al\u00f3 que el COM \u201ces una gran inversi\u00f3n con los fondos de los vecinos, una herramienta de prevenci\u00f3n para crecer, y hasta estamos trabajando con la DDI por el tema del robo de motos y ya se han clausurado talleres\u201d.<\/p>\n","protected":false},"excerpt":{"rendered":"<p>As\u00ed lo defini\u00f3 el secretario de Gobierno, Jorge Mart\u00ednez, durante una visita a \u201cVoces de la Ciudad\u201d, donde se expres\u00f3 sobre varios temas, entre ellos, la funcionalidad del moderno Centro Operativo de Monitoreo, en Av. 58 entre 65 y 67. En di\u00e1logo con el periodista Jorge G\u00f3mez, Mart\u00ednez asegur\u00f3 que m\u00e1s all\u00e1 de las m\u00e1s [&hellip;]<\/p>\n","protected":false},"author":3,"featured_media":100306,"comment_status":"open","ping_status":"open","sticky":false,"template":"","format":"standard","meta":{"footnotes":""},"categories":[3],"tags":[],"class_list":["post-100305","post","type-post","status-publish","format-standard","has-post-thumbnail","category-masnoticias"],"_links":{"self":[{"href":"https:\/\/primicias2262.com\/noticias\/wp-json\/wp\/v2\/posts\/100305","targetHints":{"allow":["GET"]}}],"collection":[{"href":"https:\/\/primicias2262.com\/noticias\/wp-json\/wp\/v2\/posts"}],"about":[{"href":"https:\/\/primicias2262.com\/noticias\/wp-json\/wp\/v2\/types\/post"}],"author":[{"embeddable":true,"href":"https:\/\/primicias2262.com\/noticias\/wp-json\/wp\/v2\/users\/3"}],"replies":[{"embeddable":true,"href":"https:\/\/primicias2262.com\/noticias\/wp-json\/wp\/v2\/comments?post=100305"}],"version-history":[{"count":1,"href":"https:\/\/primicias2262.com\/noticias\/wp-json\/wp\/v2\/posts\/100305\/revisions"}],"predecessor-version":[{"id":100307,"href":"https:\/\/primicias2262.com\/noticias\/wp-json\/wp\/v2\/posts\/100305\/revisions\/100307"}],"wp:featuredmedia":[{"embeddable":true,"href":"https:\/\/primicias2262.com\/noticias\/wp-json\/wp\/v2\/media\/100306"}],"wp:attachment":[{"href":"https:\/\/primicias2262.com\/noticias\/wp-json\/wp\/v2\/media?parent=100305"}],"wp:term":[{"taxonomy":"category","embeddable":true,"href":"https:\/\/primicias2262.com\/noticias\/wp-json\/wp\/v2\/categories?post=100305"},{"taxonomy":"post_tag","embeddable":true,"href":"https:\/\/primicias2262.com\/noticias\/wp-json\/wp\/v2\/tags?post=100305"}],"curies":[{"name":"wp","href":"https:\/\/api.w.org\/{rel}","templated":true}]}}