{"id":100308,"date":"2023-06-21T12:56:52","date_gmt":"2023-06-21T12:56:52","guid":{"rendered":"https:\/\/primicias2262.com\/noticias\/?p=100308"},"modified":"2023-06-21T12:56:52","modified_gmt":"2023-06-21T12:56:52","slug":"se-celebraron-los-60-anos-de-la-galeria-central","status":"publish","type":"post","link":"https:\/\/primicias2262.com\/noticias\/se-celebraron-los-60-anos-de-la-galeria-central\/","title":{"rendered":"Se celebraron los 60 a\u00f1os de la Galer\u00eda Central"},"content":{"rendered":"<p><strong>Hubo torta, brindis, palabras emotivas y el acompa\u00f1amiento de la Banda Municipal y artistas locales que formaron parte de las actividades en esta tarde de martes, donde Necochea celebr\u00f3 los 60 a\u00f1os de un \u00edcono de la ciudad.<\/strong><\/p>\n<p>El intendente Arturo Rojas, se acerc\u00f3 para acompa\u00f1ar la celebraci\u00f3n y no dud\u00f3 en mostrar su emoci\u00f3n ante los recuerdos personales que lo invadieron: \u201cyo ven\u00eda con familiares que ya no est\u00e1n; con mi viejo y con mi t\u00edo. Ac\u00e1 hab\u00eda peluquer\u00edas, caf\u00e9s, juegos para chicos y una gran cantidad de locales comerciales\u201d.<\/p>\n<p>\u201cRecuerdo venir desde chiquito y por eso es que se me hace dif\u00edcil expresar las emociones que estoy sintiendo hoy\u201d admiti\u00f3 el jefe comunal, y aprovech\u00f3 para \u201chomenajear a los constructores, a los fundadores porque, sin lugar a dudas, este lugar ha sido durante d\u00e9cadas y d\u00e9cadas el shopping que no tenemos en nuestro distrito\u201d.<\/p>\n<p>En ese sentido, el intendente aprovech\u00f3 para instar a que \u201ccon el esfuerzo de los que hoy estamos ac\u00e1, tengamos muchos a\u00f1os m\u00e1s para que esta galer\u00eda siga cobrando vida, historia y que sea el lugar obligado de cada uno de los vecinos y de los turistas que nos visiten\u201d.<\/p>\n<p>Adem\u00e1s de entonar las estrofas del Himno Nacional Argentino con motivo de celebrarse el D\u00eda de la Bandera Argentina, los nietos de los fundadores descubrieron una placa en homenaje a sus abuelos que, all\u00e1 por 1963 plasmaron este sue\u00f1o arquitect\u00f3nico, que es emblema del centro de nuestra ciudad.<\/p>\n<p>Tambi\u00e9n hicieron uso de la palabra el presidente del Concejo Deliberante, Guillermo S\u00e1nchez y Sonia Ardan\u00e1z en representaci\u00f3n de los propietarios de la galer\u00eda.<\/p>\n","protected":false},"excerpt":{"rendered":"<p>Hubo torta, brindis, palabras emotivas y el acompa\u00f1amiento de la Banda Municipal y artistas locales que formaron parte de las actividades en esta tarde de martes, donde Necochea celebr\u00f3 los 60 a\u00f1os de un \u00edcono de la ciudad. El intendente Arturo Rojas, se acerc\u00f3 para acompa\u00f1ar la celebraci\u00f3n y no dud\u00f3 en mostrar su emoci\u00f3n [&hellip;]<\/p>\n","protected":false},"author":3,"featured_media":100309,"comment_status":"open","ping_status":"open","sticky":false,"template":"","format":"standard","meta":{"footnotes":""},"categories":[3],"tags":[],"class_list":["post-100308","post","type-post","status-publish","format-standard","has-post-thumbnail","category-masnoticias"],"_links":{"self":[{"href":"https:\/\/primicias2262.com\/noticias\/wp-json\/wp\/v2\/posts\/100308","targetHints":{"allow":["GET"]}}],"collection":[{"href":"https:\/\/primicias2262.com\/noticias\/wp-json\/wp\/v2\/posts"}],"about":[{"href":"https:\/\/primicias2262.com\/noticias\/wp-json\/wp\/v2\/types\/post"}],"author":[{"embeddable":true,"href":"https:\/\/primicias2262.com\/noticias\/wp-json\/wp\/v2\/users\/3"}],"replies":[{"embeddable":true,"href":"https:\/\/primicias2262.com\/noticias\/wp-json\/wp\/v2\/comments?post=100308"}],"version-history":[{"count":1,"href":"https:\/\/primicias2262.com\/noticias\/wp-json\/wp\/v2\/posts\/100308\/revisions"}],"predecessor-version":[{"id":100310,"href":"https:\/\/primicias2262.com\/noticias\/wp-json\/wp\/v2\/posts\/100308\/revisions\/100310"}],"wp:featuredmedia":[{"embeddable":true,"href":"https:\/\/primicias2262.com\/noticias\/wp-json\/wp\/v2\/media\/100309"}],"wp:attachment":[{"href":"https:\/\/primicias2262.com\/noticias\/wp-json\/wp\/v2\/media?parent=100308"}],"wp:term":[{"taxonomy":"category","embeddable":true,"href":"https:\/\/primicias2262.com\/noticias\/wp-json\/wp\/v2\/categories?post=100308"},{"taxonomy":"post_tag","embeddable":true,"href":"https:\/\/primicias2262.com\/noticias\/wp-json\/wp\/v2\/tags?post=100308"}],"curies":[{"name":"wp","href":"https:\/\/api.w.org\/{rel}","templated":true}]}}