{"id":100311,"date":"2023-06-22T11:18:26","date_gmt":"2023-06-22T11:18:26","guid":{"rendered":"https:\/\/primicias2262.com\/noticias\/?p=100311"},"modified":"2023-06-23T13:32:53","modified_gmt":"2023-06-23T13:32:53","slug":"todas-las-obras-que-se-hacen-en-el-campo-scout-son-a-pulmon","status":"publish","type":"post","link":"https:\/\/primicias2262.com\/noticias\/todas-las-obras-que-se-hacen-en-el-campo-scout-son-a-pulmon\/","title":{"rendered":"\u201cTodas las obras que se hacen en el campo Scout son a pulm\u00f3n\u201d"},"content":{"rendered":"<p><strong>As\u00ed lo afirm\u00f3 la directora de distrito local de Scout Argentina, Sandra La Battaglia, ante ciertos mantos de dudas que se plantearon sobre el dominio que tiene la instituci\u00f3n en tierras del Parque Miguel Lillo, frente a la Villa del Deportista.<\/strong><\/p>\n<p>Durante una nota realizada por el periodista Jorge G\u00f3mez en \u201cVoces de la Ciudad\u201d, La Battaglia se refiri\u00f3 primeramente a las condiciones de uso y explotaci\u00f3n por ordenanza Municipal de dicho predio en el Parque Miguel Lillo que tiene Scout Argentina, que tras vencerse la concesi\u00f3n anterior fue renovado por 20 a\u00f1os y en ese marco de compromiso con el municipio se vienen haciendo nuevas obras.<\/p>\n<p>Sobre los alcances del comodato, La Battaglia inform\u00f3 que \u201chace 30 a\u00f1os que Scout Argentina tiene la concesi\u00f3n de las tierras, se han hecho obras y quien quiera puede pasar y verlas, siempre est\u00e1 abierto y hay gente que todav\u00eda no conoce el predio\u201d, y recapitul\u00f3 que tras el vencimiento de la anterior concesi\u00f3n, las autoridades de Scout Argentina realizaron gestiones para renovarlo: \u201cFue una renovaci\u00f3n por 20 a\u00f1os que no la dio una sola persona, sino el Concejo Deliberante, y en esa renovaci\u00f3n nosotros como asociaci\u00f3n asumimos un compromiso\u201d, manifest\u00f3 acerca del convenio se hizo en pleno Campamento Nacional el a\u00f1o pasado y con unanimidad del HCD local.<\/p>\n<p>\u201cEn ese compromiso -prosigui\u00f3- el primer punto es la seguridad: nosotros la parte m\u00e1s vulnerable la tenemos con nuestros j\u00f3venes, que van desde los siete a\u00f1os, y mientras hacen actividades se nos han aparecido varias motos y nos han sorprendido, por suerte sin haber pasado nada grave. En pleno campamento nacional me ha tocado a m\u00ed misma ver adonde hab\u00eda 2 mil personas acampando c\u00f3mo transitaban motos y decirles por favor que no anduvieran. Ese es el tipo de seguridad que estamos tratando de resguardar\u201d.<\/p>\n<p>Argument\u00f3 al respecto que \u201cnunca hemos prohibido nada, pero el motivo es la seguridad de la gente en el campo Scout, porque si le pasa algo a alguien adentro del predio qui\u00e9n se hace responsable. Nosotros tenemos un per\u00edmetro de uso dado legalmente, concedido por el HCD, no es que nosotros lo hicimos por las nuestras\u201d.<\/p>\n<p>Luego de marcar la seguridad como prioridad, la directiva scout estableci\u00f3 que \u201cdespu\u00e9s las obras son un mont\u00f3n, como la de agua potable, que se pondr\u00e1 nuevamente en funcionamiento la bomba, que adem\u00e1s llevar\u00e1 agua al barrio; la iluminaci\u00f3n, que si bien se hizo sobre la Av. 10, nos comprometimos con la gente del municipio para colaborar con luces\u00a0 en otros lugares donde necesiten\u201d.<\/p>\n<p>Finalmente, La Battaglia cont\u00f3 que \u201cel otro d\u00eda una se\u00f1ora me dec\u00eda \u201custedes est\u00e1n construyendo casas\u201d, tras lo que se\u00f1al\u00f3 de forma enf\u00e1tica: \u201cNo se\u00f1ora no estamos construyendo, lo que est\u00e1 construido en el predio lo est\u00e1 hace 10 a\u00f1os \u2026 todo lo que se hace all\u00ed es en beneficio de las personas que quieran usar el campo y las obras que se hacen son a pulm\u00f3n\u201d.<\/p>\n","protected":false},"excerpt":{"rendered":"<p>As\u00ed lo afirm\u00f3 la directora de distrito local de Scout Argentina, Sandra La Battaglia, ante ciertos mantos de dudas que se plantearon sobre el dominio que tiene la instituci\u00f3n en tierras del Parque Miguel Lillo, frente a la Villa del Deportista. Durante una nota realizada por el periodista Jorge G\u00f3mez en \u201cVoces de la Ciudad\u201d, [&hellip;]<\/p>\n","protected":false},"author":3,"featured_media":100312,"comment_status":"open","ping_status":"open","sticky":false,"template":"","format":"standard","meta":{"footnotes":""},"categories":[3],"tags":[],"class_list":["post-100311","post","type-post","status-publish","format-standard","has-post-thumbnail","category-masnoticias"],"_links":{"self":[{"href":"https:\/\/primicias2262.com\/noticias\/wp-json\/wp\/v2\/posts\/100311","targetHints":{"allow":["GET"]}}],"collection":[{"href":"https:\/\/primicias2262.com\/noticias\/wp-json\/wp\/v2\/posts"}],"about":[{"href":"https:\/\/primicias2262.com\/noticias\/wp-json\/wp\/v2\/types\/post"}],"author":[{"embeddable":true,"href":"https:\/\/primicias2262.com\/noticias\/wp-json\/wp\/v2\/users\/3"}],"replies":[{"embeddable":true,"href":"https:\/\/primicias2262.com\/noticias\/wp-json\/wp\/v2\/comments?post=100311"}],"version-history":[{"count":2,"href":"https:\/\/primicias2262.com\/noticias\/wp-json\/wp\/v2\/posts\/100311\/revisions"}],"predecessor-version":[{"id":100336,"href":"https:\/\/primicias2262.com\/noticias\/wp-json\/wp\/v2\/posts\/100311\/revisions\/100336"}],"wp:featuredmedia":[{"embeddable":true,"href":"https:\/\/primicias2262.com\/noticias\/wp-json\/wp\/v2\/media\/100312"}],"wp:attachment":[{"href":"https:\/\/primicias2262.com\/noticias\/wp-json\/wp\/v2\/media?parent=100311"}],"wp:term":[{"taxonomy":"category","embeddable":true,"href":"https:\/\/primicias2262.com\/noticias\/wp-json\/wp\/v2\/categories?post=100311"},{"taxonomy":"post_tag","embeddable":true,"href":"https:\/\/primicias2262.com\/noticias\/wp-json\/wp\/v2\/tags?post=100311"}],"curies":[{"name":"wp","href":"https:\/\/api.w.org\/{rel}","templated":true}]}}