{"id":100322,"date":"2023-06-21T21:15:27","date_gmt":"2023-06-21T21:15:27","guid":{"rendered":"https:\/\/primicias2262.com\/noticias\/?p=100322"},"modified":"2023-06-22T16:28:48","modified_gmt":"2023-06-22T16:28:48","slug":"mas-de-mil-estudiantes-de-todas-las-escuelas-del-distrito-prometieron-lealtad-a-la-bandera","status":"publish","type":"post","link":"https:\/\/primicias2262.com\/noticias\/mas-de-mil-estudiantes-de-todas-las-escuelas-del-distrito-prometieron-lealtad-a-la-bandera\/","title":{"rendered":"M\u00e1s de mil estudiantes de todas las escuelas del distrito prometieron lealtad a la Bandera"},"content":{"rendered":"<p><strong>Con la participaci\u00f3n de todas las instituciones educativas del distrito, un clima a pedir de una jornada patria y una Plaza Dardo Rocha repleta de familias y vestida de celeste y blanco, se llev\u00f3 a cabo la promesa de lealtad de la bandera por alumnos y alumnas de 4\u00ba A\u00f1o de ambas gestiones, estatal y privada. La ceremonia fue encabezada por el intendente Arturo Rojas, quien realz\u00f3 el \u201cnombre inmortal\u201d del creador de la bandera, Manuel Belgrano, y puso en valor el trabajo de la comunidad educativa toda.<\/strong><\/p>\n<p>Junto al m\u00e1ximo mandatario del Partido de Necochea, presidieron el acto del D\u00eda de la Bandera las inspectoras de Gesti\u00f3n Privada, Paula La Battaglia; y Distrital, Elsa Guillermo, quien fue la encargada de tomar la promesa de miles de alumnos en el momento m\u00e1s emotivo de la tarde.<\/p>\n<p><a href=\"https:\/\/primicias2262.com\/noticias\/wp-content\/uploads\/2023\/06\/21-06-FOTO-promesa-Bandera4.jpeg\"><img loading=\"lazy\" decoding=\"async\" class=\"aligncenter wp-image-100324 size-full\" src=\"https:\/\/primicias2262.com\/noticias\/wp-content\/uploads\/2023\/06\/21-06-FOTO-promesa-Bandera4.jpeg\" alt=\"\" width=\"1600\" height=\"1066\" srcset=\"https:\/\/primicias2262.com\/noticias\/wp-content\/uploads\/2023\/06\/21-06-FOTO-promesa-Bandera4.jpeg 1600w, https:\/\/primicias2262.com\/noticias\/wp-content\/uploads\/2023\/06\/21-06-FOTO-promesa-Bandera4-300x200.jpeg 300w, https:\/\/primicias2262.com\/noticias\/wp-content\/uploads\/2023\/06\/21-06-FOTO-promesa-Bandera4-1024x682.jpeg 1024w, https:\/\/primicias2262.com\/noticias\/wp-content\/uploads\/2023\/06\/21-06-FOTO-promesa-Bandera4-768x512.jpeg 768w, https:\/\/primicias2262.com\/noticias\/wp-content\/uploads\/2023\/06\/21-06-FOTO-promesa-Bandera4-1536x1023.jpeg 1536w, https:\/\/primicias2262.com\/noticias\/wp-content\/uploads\/2023\/06\/21-06-FOTO-promesa-Bandera4-150x100.jpeg 150w, https:\/\/primicias2262.com\/noticias\/wp-content\/uploads\/2023\/06\/21-06-FOTO-promesa-Bandera4-696x464.jpeg 696w, https:\/\/primicias2262.com\/noticias\/wp-content\/uploads\/2023\/06\/21-06-FOTO-promesa-Bandera4-1068x712.jpeg 1068w\" sizes=\"auto, (max-width: 1600px) 100vw, 1600px\" \/><\/a>Luego del ingreso de las banderas de ceremonia de todas las instituciones educativas del distrito -encabezado por la Escuela primaria N\u00ba 1 que lleva el nombre de Manuel Belgrano-; el izamiento del pabell\u00f3n nacional en el m\u00e1stil central de la plaza y la entonaci\u00f3n del Himno Nacional Argentino, se abri\u00f3 el espacio para las palabras alusivas y la promesa de los alumnos.<\/p>\n<p>A su turno, el intendente Rojas manifest\u00f3 desde el escenario central que \u201cla imagen que se ve es realmente maravillosa, con el sol, el cielo, los colores patrios, las banderas y las sonrisas de peque\u00f1os y adultos mayores que hoy prometieron lealtad a nuestra insignia patria\u201d, y resalt\u00f3 el \u201cnombre inmortal de Manuel Belgrano, que fue uno de los patriotas que luch\u00f3 por la libertad y la independencia, pero lo m\u00e1s importante que nos ense\u00f1\u00f3 este patriota son los valores y principios, el compromiso, el sacrificio y la entrega total para construir una Naci\u00f3n como la que tenemos hoy en d\u00eda\u201d.<\/p>\n<p><a href=\"https:\/\/primicias2262.com\/noticias\/wp-content\/uploads\/2023\/06\/21-06-FOTO-promesa-Bandera9.jpeg\"><img loading=\"lazy\" decoding=\"async\" class=\"aligncenter wp-image-100328 size-full\" src=\"https:\/\/primicias2262.com\/noticias\/wp-content\/uploads\/2023\/06\/21-06-FOTO-promesa-Bandera9.jpeg\" alt=\"\" width=\"1600\" height=\"1066\" srcset=\"https:\/\/primicias2262.com\/noticias\/wp-content\/uploads\/2023\/06\/21-06-FOTO-promesa-Bandera9.jpeg 1600w, https:\/\/primicias2262.com\/noticias\/wp-content\/uploads\/2023\/06\/21-06-FOTO-promesa-Bandera9-300x200.jpeg 300w, https:\/\/primicias2262.com\/noticias\/wp-content\/uploads\/2023\/06\/21-06-FOTO-promesa-Bandera9-1024x682.jpeg 1024w, https:\/\/primicias2262.com\/noticias\/wp-content\/uploads\/2023\/06\/21-06-FOTO-promesa-Bandera9-768x512.jpeg 768w, https:\/\/primicias2262.com\/noticias\/wp-content\/uploads\/2023\/06\/21-06-FOTO-promesa-Bandera9-1536x1023.jpeg 1536w, https:\/\/primicias2262.com\/noticias\/wp-content\/uploads\/2023\/06\/21-06-FOTO-promesa-Bandera9-150x100.jpeg 150w, https:\/\/primicias2262.com\/noticias\/wp-content\/uploads\/2023\/06\/21-06-FOTO-promesa-Bandera9-696x464.jpeg 696w, https:\/\/primicias2262.com\/noticias\/wp-content\/uploads\/2023\/06\/21-06-FOTO-promesa-Bandera9-1068x712.jpeg 1068w\" sizes=\"auto, (max-width: 1600px) 100vw, 1600px\" \/><\/a>Por ello, se\u00f1al\u00f3 el Intendente que \u201clos alumnos hoy no solo prometieron lealtad y fidelidad a la bandera, sino que se comprometieron a ser buenos ciudadanos, buenos hijos, compa\u00f1eros y amigos, tomando esos principios de nuestros pr\u00f3ceres que a veces se ven en cuestiones de la vida cotidiana, de poder ser solidario con alg\u00fan compa\u00f1ero o vecino, tener empat\u00eda y ponerse en el lugar del otro cuando necesite una mano amiga o ser escuchado, y eso es muy importante para echar los cimientos de una sociedad m\u00e1s comprometida e inclusiva\u201d.<\/p>\n<p>Seguidamente, Rojas asegur\u00f3 que \u201cnos hemos propuesto como pol\u00edtica de Estado trabajar en conjunto con las instituciones educativas para que la educaci\u00f3n trascienda a los gobiernos actuales\u201d, y en ese aspecto marc\u00f3 hechos puntuales de su gesti\u00f3n, como el edificio propio para el Jard\u00edn N\u00ba 908 de Quequ\u00e9n y la concreci\u00f3n del Jard\u00edn N\u00ba 919 detr\u00e1s del Hospital Ferreyra, tras 15 a\u00f1os de abandono.<\/p>\n<p><a href=\"https:\/\/primicias2262.com\/noticias\/wp-content\/uploads\/2023\/06\/21-06-FOTO-promesa-Bandera6.jpeg\"><img loading=\"lazy\" decoding=\"async\" class=\"aligncenter wp-image-100325 size-large\" src=\"https:\/\/primicias2262.com\/noticias\/wp-content\/uploads\/2023\/06\/21-06-FOTO-promesa-Bandera6-1024x682.jpeg\" alt=\"\" width=\"696\" height=\"464\" srcset=\"https:\/\/primicias2262.com\/noticias\/wp-content\/uploads\/2023\/06\/21-06-FOTO-promesa-Bandera6-1024x682.jpeg 1024w, https:\/\/primicias2262.com\/noticias\/wp-content\/uploads\/2023\/06\/21-06-FOTO-promesa-Bandera6-300x200.jpeg 300w, https:\/\/primicias2262.com\/noticias\/wp-content\/uploads\/2023\/06\/21-06-FOTO-promesa-Bandera6-768x512.jpeg 768w, https:\/\/primicias2262.com\/noticias\/wp-content\/uploads\/2023\/06\/21-06-FOTO-promesa-Bandera6-1536x1023.jpeg 1536w, https:\/\/primicias2262.com\/noticias\/wp-content\/uploads\/2023\/06\/21-06-FOTO-promesa-Bandera6-150x100.jpeg 150w, https:\/\/primicias2262.com\/noticias\/wp-content\/uploads\/2023\/06\/21-06-FOTO-promesa-Bandera6-696x464.jpeg 696w, https:\/\/primicias2262.com\/noticias\/wp-content\/uploads\/2023\/06\/21-06-FOTO-promesa-Bandera6-1068x712.jpeg 1068w, https:\/\/primicias2262.com\/noticias\/wp-content\/uploads\/2023\/06\/21-06-FOTO-promesa-Bandera6.jpeg 1600w\" sizes=\"auto, (max-width: 696px) 100vw, 696px\" \/><\/a><strong>El recuerdo a la memoria de Stella Royo y el reconocimiento a Luis Decastelli<\/strong><\/p>\n<p>Finalmente, el Intendente valor\u00f3 que \u201cas\u00ed como se mencion\u00f3 a la vecina Stella Royo por lo que signific\u00f3 en la confecci\u00f3n de la bandera y en poder izarla, quiero tambi\u00e9n hacer un reconocimiento de coraz\u00f3n a toda la comunidad educativa del Jard\u00edn N\u00ba 909 del Barrio 9 de Julio, que desde hace a\u00f1os viene elaborando una bandera para rodear el barrio y diferentes instituciones, y que todos los a\u00f1os con participaci\u00f3n de los vecinos esa bandera se va alargando\u201d, como as\u00ed tambi\u00e9n dedic\u00f3 un p\u00e1rrafo especial al otrora jefe distrital, Luis Decastelli, quien en 2014 instaur\u00f3 este tipo de actos masivos para visibilizar la obra de Belgrano.<\/p>\n<p><a href=\"https:\/\/primicias2262.com\/noticias\/wp-content\/uploads\/2023\/06\/21-06-FOTO-promesa-bandera8.jpeg\"><img loading=\"lazy\" decoding=\"async\" class=\"aligncenter wp-image-100327 size-full\" src=\"https:\/\/primicias2262.com\/noticias\/wp-content\/uploads\/2023\/06\/21-06-FOTO-promesa-bandera8.jpeg\" alt=\"\" width=\"1600\" height=\"1066\" srcset=\"https:\/\/primicias2262.com\/noticias\/wp-content\/uploads\/2023\/06\/21-06-FOTO-promesa-bandera8.jpeg 1600w, https:\/\/primicias2262.com\/noticias\/wp-content\/uploads\/2023\/06\/21-06-FOTO-promesa-bandera8-300x200.jpeg 300w, https:\/\/primicias2262.com\/noticias\/wp-content\/uploads\/2023\/06\/21-06-FOTO-promesa-bandera8-1024x682.jpeg 1024w, https:\/\/primicias2262.com\/noticias\/wp-content\/uploads\/2023\/06\/21-06-FOTO-promesa-bandera8-768x512.jpeg 768w, https:\/\/primicias2262.com\/noticias\/wp-content\/uploads\/2023\/06\/21-06-FOTO-promesa-bandera8-1536x1023.jpeg 1536w, https:\/\/primicias2262.com\/noticias\/wp-content\/uploads\/2023\/06\/21-06-FOTO-promesa-bandera8-150x100.jpeg 150w, https:\/\/primicias2262.com\/noticias\/wp-content\/uploads\/2023\/06\/21-06-FOTO-promesa-bandera8-696x464.jpeg 696w, https:\/\/primicias2262.com\/noticias\/wp-content\/uploads\/2023\/06\/21-06-FOTO-promesa-bandera8-1068x712.jpeg 1068w\" sizes=\"auto, (max-width: 1600px) 100vw, 1600px\" \/><\/a>\u201cQuiero expresar un agradecimiento especial a toda la comunidad educativa por ense\u00f1arles a los alumnos los valores de lo que significan nuestra bandera y nuestra patria; a las familias que son las que d\u00eda a d\u00eda en su casa tratan de que sus hijos se formen en la educaci\u00f3n y sean ciudadanos de bien; y a Luis Decastelli, ya que desde 2014 tenemos la posibilidad de manera ininterrumpida de poder hacer esta promesa con todas las instituciones educativas del distrito en esta emblem\u00e1tica plaza, algo que se termin\u00f3 estableciendo como una pol\u00edtica de Estado para los diferentes gobiernos\u201d, expres\u00f3.<\/p>\n<p>Antecediendo al Intendente, la directora del Instituto Nuestra Se\u00f1ora del Rosario, Marisa trillo, hab\u00eda tra\u00eddo el recuerdo de la vecina Stella Maris Royo, al rememorar que \u201cen nuestra ciudad vivi\u00f3 una mujer que sent\u00eda un profundo amor por la bandera y que un d\u00eda decidi\u00f3 crear con sus manos esta majestuosa insignia patria que hoy nos acompa\u00f1a y luce radiante en nuestro Palacio Municipal\u201d; mientras que a su tiempo, la inspectora Paula La Battaglia , pronunci\u00f3 que \u201cBelgrano se puso al servicio de la revoluci\u00f3n para dar batallas y defender los valores de la patria\u201d.<\/p>\n<p><a href=\"https:\/\/primicias2262.com\/noticias\/wp-content\/uploads\/2023\/06\/21-06-FOTO-promesa-Bandera10.jpeg\"><img loading=\"lazy\" decoding=\"async\" class=\"aligncenter wp-image-100329 size-full\" src=\"https:\/\/primicias2262.com\/noticias\/wp-content\/uploads\/2023\/06\/21-06-FOTO-promesa-Bandera10.jpeg\" alt=\"\" width=\"1600\" height=\"1066\" srcset=\"https:\/\/primicias2262.com\/noticias\/wp-content\/uploads\/2023\/06\/21-06-FOTO-promesa-Bandera10.jpeg 1600w, https:\/\/primicias2262.com\/noticias\/wp-content\/uploads\/2023\/06\/21-06-FOTO-promesa-Bandera10-300x200.jpeg 300w, https:\/\/primicias2262.com\/noticias\/wp-content\/uploads\/2023\/06\/21-06-FOTO-promesa-Bandera10-1024x682.jpeg 1024w, https:\/\/primicias2262.com\/noticias\/wp-content\/uploads\/2023\/06\/21-06-FOTO-promesa-Bandera10-768x512.jpeg 768w, https:\/\/primicias2262.com\/noticias\/wp-content\/uploads\/2023\/06\/21-06-FOTO-promesa-Bandera10-1536x1023.jpeg 1536w, https:\/\/primicias2262.com\/noticias\/wp-content\/uploads\/2023\/06\/21-06-FOTO-promesa-Bandera10-150x100.jpeg 150w, https:\/\/primicias2262.com\/noticias\/wp-content\/uploads\/2023\/06\/21-06-FOTO-promesa-Bandera10-696x464.jpeg 696w, https:\/\/primicias2262.com\/noticias\/wp-content\/uploads\/2023\/06\/21-06-FOTO-promesa-Bandera10-1068x712.jpeg 1068w\" sizes=\"auto, (max-width: 1600px) 100vw, 1600px\" \/><\/a><\/p>\n<p><strong>\u201cS\u00ed, prometo\u201d<\/strong><\/p>\n<p>Por su parte, al momento de tomar promesa a los alumnos, la inspectora Elsa Guillermo contextualiz\u00f3 que \u201cesta es la bandera que cre\u00f3 Manuel Belgrano en los albores de nuestra libertad, simboliza la Rep\u00fablica Argentina, nuestra patria, s\u00edmbolo de los valores que los fundadores de la nacionalidad defendieron y promovieron con sus luchas y sacrificios, triunfos y derrotas\u2026 es el s\u00edmbolo de nuestra libre soberan\u00eda, representa el esfuerzo de sus habitantes, sus sue\u00f1os y realizaciones\u201d, y tras preguntar si \u201cprometen defenderla, respetarla y amarla con fraterna tolerancia y respeto, estudiando con firme voluntad y comprometi\u00e9ndose a ser ciudadanos libres y justos, aceptando solidariamente en sus diferencias a todos los que pueblen nuestro suelo y transmitiendo en todos nuestros actos sus valores permanentes e irrenunciables\u201d, recibi\u00f3 como respuesta un \u201cs\u00ed, prometo\u201d, que expresaron con fuerza y al un\u00edsono todos los alumnos y alumnas de 4\u00ba A\u00f1o del nivel primario de ambas gestiones del distrito de Necochea, junto a estudiantes de la modalidad j\u00f3venes, adultos, adultos mayores y educaci\u00f3n especial.<\/p>\n<p>Un d\u00eda despu\u00e9s de cumplirse 203 a\u00f1os de la desaparici\u00f3n f\u00edsica de quien cre\u00f3 la bandera nacional, Don Manuel Joaqu\u00edn del Coraz\u00f3n de Jes\u00fas Belgrano, la Plaza Dardo Rocha de Necochea luci\u00f3 repleta de autoridades municipales y educativas, instituciones intermedias que colaboraron y p\u00fablico en general, con un \u00fanico objetivo: el de poner en valor por un a\u00f1o m\u00e1s el hecho que se consum\u00f3 aquel 27 de febrero de 1812, cuando fue enarbolada por primera vez la bandera celeste y blanca.<\/p>\n<p><a href=\"https:\/\/primicias2262.com\/noticias\/wp-content\/uploads\/2023\/06\/21-06-FOTO-promesa-Bandera7.jpeg\"><img loading=\"lazy\" decoding=\"async\" class=\"aligncenter wp-image-100326 size-full\" src=\"https:\/\/primicias2262.com\/noticias\/wp-content\/uploads\/2023\/06\/21-06-FOTO-promesa-Bandera7.jpeg\" alt=\"\" width=\"1600\" height=\"1066\" srcset=\"https:\/\/primicias2262.com\/noticias\/wp-content\/uploads\/2023\/06\/21-06-FOTO-promesa-Bandera7.jpeg 1600w, https:\/\/primicias2262.com\/noticias\/wp-content\/uploads\/2023\/06\/21-06-FOTO-promesa-Bandera7-300x200.jpeg 300w, https:\/\/primicias2262.com\/noticias\/wp-content\/uploads\/2023\/06\/21-06-FOTO-promesa-Bandera7-1024x682.jpeg 1024w, https:\/\/primicias2262.com\/noticias\/wp-content\/uploads\/2023\/06\/21-06-FOTO-promesa-Bandera7-768x512.jpeg 768w, https:\/\/primicias2262.com\/noticias\/wp-content\/uploads\/2023\/06\/21-06-FOTO-promesa-Bandera7-1536x1023.jpeg 1536w, https:\/\/primicias2262.com\/noticias\/wp-content\/uploads\/2023\/06\/21-06-FOTO-promesa-Bandera7-150x100.jpeg 150w, https:\/\/primicias2262.com\/noticias\/wp-content\/uploads\/2023\/06\/21-06-FOTO-promesa-Bandera7-696x464.jpeg 696w, https:\/\/primicias2262.com\/noticias\/wp-content\/uploads\/2023\/06\/21-06-FOTO-promesa-Bandera7-1068x712.jpeg 1068w\" sizes=\"auto, (max-width: 1600px) 100vw, 1600px\" \/><\/a>El acto culmin\u00f3 con la entrega de diplomas a alumnos de ambas gestiones en representaci\u00f3n de todos los estudiantes de 4\u00ba A\u00f1o del distrito; m\u00e1s la interpretaci\u00f3n de la canci\u00f3n \u201cSube\u201d de V\u00edctor Heredia por parte del Programa Coros y Orquestas de la Direcci\u00f3n General de Cultura y Educaci\u00f3n, que funciona en la sede del Jard\u00edn N\u00ba 908 de Quequ\u00e9n; y la presentaci\u00f3n del grupo de danzas der la Escuela Municipal de Artes.<\/p>\n","protected":false},"excerpt":{"rendered":"<p>Con la participaci\u00f3n de todas las instituciones educativas del distrito, un clima a pedir de una jornada patria y una Plaza Dardo Rocha repleta de familias y vestida de celeste y blanco, se llev\u00f3 a cabo la promesa de lealtad de la bandera por alumnos y alumnas de 4\u00ba A\u00f1o de ambas gestiones, estatal y [&hellip;]<\/p>\n","protected":false},"author":3,"featured_media":100323,"comment_status":"open","ping_status":"open","sticky":false,"template":"","format":"standard","meta":{"footnotes":""},"categories":[3],"tags":[],"class_list":["post-100322","post","type-post","status-publish","format-standard","has-post-thumbnail","category-masnoticias"],"_links":{"self":[{"href":"https:\/\/primicias2262.com\/noticias\/wp-json\/wp\/v2\/posts\/100322","targetHints":{"allow":["GET"]}}],"collection":[{"href":"https:\/\/primicias2262.com\/noticias\/wp-json\/wp\/v2\/posts"}],"about":[{"href":"https:\/\/primicias2262.com\/noticias\/wp-json\/wp\/v2\/types\/post"}],"author":[{"embeddable":true,"href":"https:\/\/primicias2262.com\/noticias\/wp-json\/wp\/v2\/users\/3"}],"replies":[{"embeddable":true,"href":"https:\/\/primicias2262.com\/noticias\/wp-json\/wp\/v2\/comments?post=100322"}],"version-history":[{"count":1,"href":"https:\/\/primicias2262.com\/noticias\/wp-json\/wp\/v2\/posts\/100322\/revisions"}],"predecessor-version":[{"id":100330,"href":"https:\/\/primicias2262.com\/noticias\/wp-json\/wp\/v2\/posts\/100322\/revisions\/100330"}],"wp:featuredmedia":[{"embeddable":true,"href":"https:\/\/primicias2262.com\/noticias\/wp-json\/wp\/v2\/media\/100323"}],"wp:attachment":[{"href":"https:\/\/primicias2262.com\/noticias\/wp-json\/wp\/v2\/media?parent=100322"}],"wp:term":[{"taxonomy":"category","embeddable":true,"href":"https:\/\/primicias2262.com\/noticias\/wp-json\/wp\/v2\/categories?post=100322"},{"taxonomy":"post_tag","embeddable":true,"href":"https:\/\/primicias2262.com\/noticias\/wp-json\/wp\/v2\/tags?post=100322"}],"curies":[{"name":"wp","href":"https:\/\/api.w.org\/{rel}","templated":true}]}}