{"id":100337,"date":"2023-06-22T16:28:33","date_gmt":"2023-06-22T16:28:33","guid":{"rendered":"https:\/\/primicias2262.com\/noticias\/?p=100337"},"modified":"2023-06-23T16:08:38","modified_gmt":"2023-06-23T16:08:38","slug":"esta-proxima-a-comenzar-la-millonaria-obra-de-puesta-en-valor-de-la-playa-municipal-de-camiones","status":"publish","type":"post","link":"https:\/\/primicias2262.com\/noticias\/esta-proxima-a-comenzar-la-millonaria-obra-de-puesta-en-valor-de-la-playa-municipal-de-camiones\/","title":{"rendered":"Est\u00e1 pr\u00f3xima a comenzar la millonaria obra de puesta en valor de la Playa municipal de Camiones"},"content":{"rendered":"<p><strong>As\u00ed lo anunci\u00f3 con detalles presupuestarios y t\u00e9cnicos en \u201cVoces de la Ciudad\u201d el secretario de Planeamiento, Obras y Servicios P\u00fablicos de la Municipalidad, Adri\u00e1n Furno, durante una nota realizada por el periodista Jorge G\u00f3mez.<\/strong><\/p>\n<p>Vale recordar que dicha obra a encararse en el \u201cchiquero\u201d con fondos nacionales debi\u00f3 pasar por una ampliaci\u00f3n presupuestaria, respecto a lo que el funcionario ech\u00f3 luz tras una remesa de dinero que el Ministerio de Transporte de la Naci\u00f3n ya envi\u00f3 para el comienzo de la ejecuci\u00f3n de los trabajos en la Playa Municipal de Camines, que constar\u00e1n de tres etapas.<\/p>\n<p>\u201cEsa obra est\u00e1 licitada por la Municipalidad, financiada con fondos de Transporte de Naci\u00f3n, y en primera instancia en el convenio marco ten\u00edamos 530 millones de pesos que era el fondo total que hab\u00eda para financiar la obra, la cual finalmente se licit\u00f3 por un monto de 630 millones y se hicieron negociaciones con dicho Ministerio por ese resto de casi 100 millones\u201d, comenz\u00f3 informando el secretario.<\/p>\n<p>Acot\u00f3 al instante que \u201cnosotros en el pliego ten\u00edamos un tope de 530 millones hasta donde pod\u00edamos ejecutar obra y el resto era una diferencia de casi 100 millones que ten\u00edamos que absorber desde el municipio si no consegu\u00edamos el financiamiento de Transporte, pero esa fue una de las cosas por las que gestion\u00f3 el Intendente (Arturo Rojas) para lograr esa diferencia en el valor de la licitaci\u00f3n final y est\u00e1 el compromiso por parte del Ministerio de Transporte de Naci\u00f3n de absorberlo\u201d.<\/p>\n<p>Conocida esa buena noticia para las arcas municipales, Furno confirm\u00f3 seguidamente que \u201cde esa manera lleg\u00f3 hace unos d\u00edas el anticipo financiero, que son 265 millones de pesos, es decir el 50% del presupuesto original de 530 millones\u201d, agregando que \u201cen el pliego de bases y condiciones est\u00e1 establecido que se ir\u00e1 haciendo el desembolso de dinero en base a los desembolsos que haga Transportes de Naci\u00f3n\u201d.<\/p>\n<p>\u201cSe habl\u00f3 con la empresa adjudicataria y se le hizo el anticipo de ese 50% el pasado viernes, y ahora estamos en l\u00ednea con el equipo t\u00e9cnico de la empresa porque al proyecto presentado le ten\u00edan que agregar un proyecto ejecutivo de la parte de arquitectura\u201d, concerniente a la reforma del restaurant y oficinas, para puntualizar que \u201cest\u00e1n terminando eso y en breve ya estar\u00e1n trabajando in situ en la Playa de Camiones con la obra. Lo importante es que tomaron contacto con nosotros y est\u00e1n pr\u00f3ximos a comenzar\u201d.<\/p>\n<p>La obra en s\u00ed, detall\u00f3 el funcionario, consta de tres partes, una primera que es el movimiento de suelos, el alteo y reservorio de la mejora de la playa propiamente dicha; despu\u00e9s vendr\u00e1 el tema del alambrado perimetral, la iluminaci\u00f3n, los accesos y egresos de la misma; y finalmente la obra de arquitectura, que comprende la reforma del restaurant y la mejora de las oficinas. \u201cLlevar\u00e1 un plazo de tiempo bastante extendido, cercano al a\u00f1o de obra\u201d, estim\u00f3 Furno.<\/p>\n<p>Finalmente, dej\u00f3 bien en claro que \u201cla idea es recuperar todo el predio, que es de 11 hect\u00e1reas, y que est\u00e9 en las condiciones que merece para que los transportistas puedan estar mejor\u201d, para concluir marcando que \u201cde esas hect\u00e1reas hay operativas unas seis, as\u00ed que el resto est\u00e1n inoperativas y son las que se trabajar\u00edan primero\u2026 una vez que se terminen con esas hect\u00e1reas se seguir\u00e1 con las que est\u00e1n operativas para completar, pero la idea es tratar de no parar la operatividad de la Playa de Camiones\u201d.<\/p>\n","protected":false},"excerpt":{"rendered":"<p>As\u00ed lo anunci\u00f3 con detalles presupuestarios y t\u00e9cnicos en \u201cVoces de la Ciudad\u201d el secretario de Planeamiento, Obras y Servicios P\u00fablicos de la Municipalidad, Adri\u00e1n Furno, durante una nota realizada por el periodista Jorge G\u00f3mez. Vale recordar que dicha obra a encararse en el \u201cchiquero\u201d con fondos nacionales debi\u00f3 pasar por una ampliaci\u00f3n presupuestaria, respecto [&hellip;]<\/p>\n","protected":false},"author":3,"featured_media":100338,"comment_status":"open","ping_status":"open","sticky":false,"template":"","format":"standard","meta":{"footnotes":""},"categories":[3],"tags":[],"class_list":["post-100337","post","type-post","status-publish","format-standard","has-post-thumbnail","category-masnoticias"],"_links":{"self":[{"href":"https:\/\/primicias2262.com\/noticias\/wp-json\/wp\/v2\/posts\/100337","targetHints":{"allow":["GET"]}}],"collection":[{"href":"https:\/\/primicias2262.com\/noticias\/wp-json\/wp\/v2\/posts"}],"about":[{"href":"https:\/\/primicias2262.com\/noticias\/wp-json\/wp\/v2\/types\/post"}],"author":[{"embeddable":true,"href":"https:\/\/primicias2262.com\/noticias\/wp-json\/wp\/v2\/users\/3"}],"replies":[{"embeddable":true,"href":"https:\/\/primicias2262.com\/noticias\/wp-json\/wp\/v2\/comments?post=100337"}],"version-history":[{"count":1,"href":"https:\/\/primicias2262.com\/noticias\/wp-json\/wp\/v2\/posts\/100337\/revisions"}],"predecessor-version":[{"id":100339,"href":"https:\/\/primicias2262.com\/noticias\/wp-json\/wp\/v2\/posts\/100337\/revisions\/100339"}],"wp:featuredmedia":[{"embeddable":true,"href":"https:\/\/primicias2262.com\/noticias\/wp-json\/wp\/v2\/media\/100338"}],"wp:attachment":[{"href":"https:\/\/primicias2262.com\/noticias\/wp-json\/wp\/v2\/media?parent=100337"}],"wp:term":[{"taxonomy":"category","embeddable":true,"href":"https:\/\/primicias2262.com\/noticias\/wp-json\/wp\/v2\/categories?post=100337"},{"taxonomy":"post_tag","embeddable":true,"href":"https:\/\/primicias2262.com\/noticias\/wp-json\/wp\/v2\/tags?post=100337"}],"curies":[{"name":"wp","href":"https:\/\/api.w.org\/{rel}","templated":true}]}}