{"id":100340,"date":"2023-06-22T17:05:03","date_gmt":"2023-06-22T17:05:03","guid":{"rendered":"https:\/\/primicias2262.com\/noticias\/?p=100340"},"modified":"2023-06-23T15:05:58","modified_gmt":"2023-06-23T15:05:58","slug":"progresa-la-obra-de-la-planta-de-separacion-y-reciclado-de-residuos","status":"publish","type":"post","link":"https:\/\/primicias2262.com\/noticias\/progresa-la-obra-de-la-planta-de-separacion-y-reciclado-de-residuos\/","title":{"rendered":"Progresa la obra de la planta de separaci\u00f3n y reciclado de residuos"},"content":{"rendered":"<p><strong>Las tareas de construcci\u00f3n de los galpones y el acondicionamiento del predio a utilizar, a cargo de la empresa RELISA -concesionaria del servicio de recolecci\u00f3n de residuos- se observan avanzadas. Pron\u00f3sticos de inauguraci\u00f3n entre los meses de septiembre y octubre venideros<\/strong><\/p>\n<p><strong>Por Jorge G\u00f3mez<\/strong><\/p>\n<p>A buen ritmo avanzan las obras de lo que ser\u00e1 la futura planta de separaci\u00f3n y reciclado de residuos que se sit\u00faa en terrenos de la zona Oeste de Necochea. Las tareas est\u00e1n a cargo de la empresa RELISA, encargada del servicio de recolecci\u00f3n de residuos en nuestro medio.<\/p>\n<p><a href=\"https:\/\/primicias2262.com\/noticias\/wp-content\/uploads\/2023\/06\/planta-reciclado2.jpeg\"><img loading=\"lazy\" decoding=\"async\" class=\"aligncenter size-full wp-image-100332\" src=\"https:\/\/primicias2262.com\/noticias\/wp-content\/uploads\/2023\/06\/planta-reciclado2.jpeg\" alt=\"\" width=\"1280\" height=\"720\" srcset=\"https:\/\/primicias2262.com\/noticias\/wp-content\/uploads\/2023\/06\/planta-reciclado2.jpeg 1280w, https:\/\/primicias2262.com\/noticias\/wp-content\/uploads\/2023\/06\/planta-reciclado2-300x169.jpeg 300w, https:\/\/primicias2262.com\/noticias\/wp-content\/uploads\/2023\/06\/planta-reciclado2-1024x576.jpeg 1024w, https:\/\/primicias2262.com\/noticias\/wp-content\/uploads\/2023\/06\/planta-reciclado2-768x432.jpeg 768w, https:\/\/primicias2262.com\/noticias\/wp-content\/uploads\/2023\/06\/planta-reciclado2-150x84.jpeg 150w, https:\/\/primicias2262.com\/noticias\/wp-content\/uploads\/2023\/06\/planta-reciclado2-696x392.jpeg 696w, https:\/\/primicias2262.com\/noticias\/wp-content\/uploads\/2023\/06\/planta-reciclado2-1068x601.jpeg 1068w\" sizes=\"auto, (max-width: 1280px) 100vw, 1280px\" \/><\/a>Las fotos adjuntadas a este informe -que corresponden a este jueves 22 de junio- dan cuenta de la situaci\u00f3n del montaje de uno de los galpones -el principal- y el acondicionamiento del predio en que se llevar\u00e1 a cabo el reciclado de los residuos s\u00f3lidos urbanos de nuestra ciudad, Quequ\u00e9n y del interior del distrito.<\/p>\n<p>Se recuerda que la asociaci\u00f3n civil \u00abTodo para Ellos\u00bb ser\u00e1 la encargada de la operaci\u00f3n de esta planta, articulando su administraci\u00f3n con la Municipalidad de Necochea, que es el poder concedente del aludido servicio.<\/p>\n<div id='gallery-1' class='gallery galleryid-100340 gallery-columns-3 gallery-size-medium'><figure class='gallery-item'>\n\t\t\t<div class='gallery-icon landscape'>\n\t\t\t\t<a href='https:\/\/primicias2262.com\/noticias\/progresa-la-obra-de-la-planta-de-separacion-y-reciclado-de-residuos\/whatsapp-image-2023-06-22-at-12-59-04-pm\/'><img loading=\"lazy\" decoding=\"async\" width=\"300\" height=\"169\" src=\"https:\/\/primicias2262.com\/noticias\/wp-content\/uploads\/2023\/06\/WhatsApp-Image-2023-06-22-at-12.59.04-PM-300x169.jpeg\" class=\"attachment-medium size-medium\" alt=\"\" srcset=\"https:\/\/primicias2262.com\/noticias\/wp-content\/uploads\/2023\/06\/WhatsApp-Image-2023-06-22-at-12.59.04-PM-300x169.jpeg 300w, https:\/\/primicias2262.com\/noticias\/wp-content\/uploads\/2023\/06\/WhatsApp-Image-2023-06-22-at-12.59.04-PM-1024x576.jpeg 1024w, https:\/\/primicias2262.com\/noticias\/wp-content\/uploads\/2023\/06\/WhatsApp-Image-2023-06-22-at-12.59.04-PM-768x432.jpeg 768w, https:\/\/primicias2262.com\/noticias\/wp-content\/uploads\/2023\/06\/WhatsApp-Image-2023-06-22-at-12.59.04-PM-150x84.jpeg 150w, https:\/\/primicias2262.com\/noticias\/wp-content\/uploads\/2023\/06\/WhatsApp-Image-2023-06-22-at-12.59.04-PM-696x392.jpeg 696w, https:\/\/primicias2262.com\/noticias\/wp-content\/uploads\/2023\/06\/WhatsApp-Image-2023-06-22-at-12.59.04-PM-1068x601.jpeg 1068w, https:\/\/primicias2262.com\/noticias\/wp-content\/uploads\/2023\/06\/WhatsApp-Image-2023-06-22-at-12.59.04-PM.jpeg 1280w\" sizes=\"auto, (max-width: 300px) 100vw, 300px\" \/><\/a>\n\t\t\t<\/div><\/figure><figure class='gallery-item'>\n\t\t\t<div class='gallery-icon landscape'>\n\t\t\t\t<a href='https:\/\/primicias2262.com\/noticias\/progresa-la-obra-de-la-planta-de-separacion-y-reciclado-de-residuos\/planta-reciclado-2\/'><img loading=\"lazy\" decoding=\"async\" width=\"300\" height=\"169\" src=\"https:\/\/primicias2262.com\/noticias\/wp-content\/uploads\/2023\/06\/planta-reciclado-1-300x169.jpeg\" class=\"attachment-medium size-medium\" alt=\"\" srcset=\"https:\/\/primicias2262.com\/noticias\/wp-content\/uploads\/2023\/06\/planta-reciclado-1-300x169.jpeg 300w, https:\/\/primicias2262.com\/noticias\/wp-content\/uploads\/2023\/06\/planta-reciclado-1-1024x576.jpeg 1024w, https:\/\/primicias2262.com\/noticias\/wp-content\/uploads\/2023\/06\/planta-reciclado-1-768x432.jpeg 768w, https:\/\/primicias2262.com\/noticias\/wp-content\/uploads\/2023\/06\/planta-reciclado-1-150x84.jpeg 150w, https:\/\/primicias2262.com\/noticias\/wp-content\/uploads\/2023\/06\/planta-reciclado-1-696x392.jpeg 696w, https:\/\/primicias2262.com\/noticias\/wp-content\/uploads\/2023\/06\/planta-reciclado-1-1068x601.jpeg 1068w, https:\/\/primicias2262.com\/noticias\/wp-content\/uploads\/2023\/06\/planta-reciclado-1.jpeg 1280w\" sizes=\"auto, (max-width: 300px) 100vw, 300px\" \/><\/a>\n\t\t\t<\/div><\/figure><figure class='gallery-item'>\n\t\t\t<div class='gallery-icon landscape'>\n\t\t\t\t<a href='https:\/\/primicias2262.com\/noticias\/progresa-la-obra-de-la-planta-de-separacion-y-reciclado-de-residuos\/whatsapp-image-2023-06-22-at-12-59-03-pm\/'><img loading=\"lazy\" decoding=\"async\" width=\"300\" height=\"169\" src=\"https:\/\/primicias2262.com\/noticias\/wp-content\/uploads\/2023\/06\/WhatsApp-Image-2023-06-22-at-12.59.03-PM-300x169.jpeg\" class=\"attachment-medium size-medium\" alt=\"\" srcset=\"https:\/\/primicias2262.com\/noticias\/wp-content\/uploads\/2023\/06\/WhatsApp-Image-2023-06-22-at-12.59.03-PM-300x169.jpeg 300w, https:\/\/primicias2262.com\/noticias\/wp-content\/uploads\/2023\/06\/WhatsApp-Image-2023-06-22-at-12.59.03-PM-1024x576.jpeg 1024w, https:\/\/primicias2262.com\/noticias\/wp-content\/uploads\/2023\/06\/WhatsApp-Image-2023-06-22-at-12.59.03-PM-768x432.jpeg 768w, https:\/\/primicias2262.com\/noticias\/wp-content\/uploads\/2023\/06\/WhatsApp-Image-2023-06-22-at-12.59.03-PM-150x84.jpeg 150w, https:\/\/primicias2262.com\/noticias\/wp-content\/uploads\/2023\/06\/WhatsApp-Image-2023-06-22-at-12.59.03-PM-696x392.jpeg 696w, https:\/\/primicias2262.com\/noticias\/wp-content\/uploads\/2023\/06\/WhatsApp-Image-2023-06-22-at-12.59.03-PM-1068x601.jpeg 1068w, https:\/\/primicias2262.com\/noticias\/wp-content\/uploads\/2023\/06\/WhatsApp-Image-2023-06-22-at-12.59.03-PM.jpeg 1280w\" sizes=\"auto, (max-width: 300px) 100vw, 300px\" \/><\/a>\n\t\t\t<\/div><\/figure>\n\t\t<\/div>\n\n<p>Seg\u00fan trascendi\u00f3, entre septiembre y octubre se podr\u00eda estar inaugurando este espacio que est\u00e1 ubicado a la altura de las calles 90 y 107. Se ha dispuesto, entre otras tareas, en entoscado para acceder al mismo, al igual que en la superficie del terreno a utilizar.<\/p>\n<p>El galp\u00f3n principal tendr\u00e1 una ocupaci\u00f3n de 20 metros por 40 metros, y otro m\u00e1s peque\u00f1o de 10 metros por 20 metros.<\/p>\n<p>Ubicadas las bases y las columnas de la estructura, y hormigonado el piso, se estar\u00eda en v\u00edsperas del consiguiente techado donde operar\u00e1n las futuras m\u00e1quinas encargadas del reciclado de pl\u00e1stico, aluminio y de otros materiales, as\u00ed como del tratamiento general de los residuos.<\/p>\n<p><a href=\"https:\/\/primicias2262.com\/noticias\/wp-content\/uploads\/2023\/06\/planta-reciclado3.jpeg\"><img loading=\"lazy\" decoding=\"async\" class=\"aligncenter size-full wp-image-100333\" src=\"https:\/\/primicias2262.com\/noticias\/wp-content\/uploads\/2023\/06\/planta-reciclado3.jpeg\" alt=\"\" width=\"1280\" height=\"720\" srcset=\"https:\/\/primicias2262.com\/noticias\/wp-content\/uploads\/2023\/06\/planta-reciclado3.jpeg 1280w, https:\/\/primicias2262.com\/noticias\/wp-content\/uploads\/2023\/06\/planta-reciclado3-300x169.jpeg 300w, https:\/\/primicias2262.com\/noticias\/wp-content\/uploads\/2023\/06\/planta-reciclado3-1024x576.jpeg 1024w, https:\/\/primicias2262.com\/noticias\/wp-content\/uploads\/2023\/06\/planta-reciclado3-768x432.jpeg 768w, https:\/\/primicias2262.com\/noticias\/wp-content\/uploads\/2023\/06\/planta-reciclado3-150x84.jpeg 150w, https:\/\/primicias2262.com\/noticias\/wp-content\/uploads\/2023\/06\/planta-reciclado3-696x392.jpeg 696w, https:\/\/primicias2262.com\/noticias\/wp-content\/uploads\/2023\/06\/planta-reciclado3-1068x601.jpeg 1068w\" sizes=\"auto, (max-width: 1280px) 100vw, 1280px\" \/><\/a>Cooperativas de \u201crecicladores urbanos\u201d tendr\u00e1n presencia en este sitio.\u00a0 La construcci\u00f3n de la planta est\u00e1 a cargo de RELISA sobre un terreno que es propiedad de la Municipalidad de Necochea. Finalizada la obra, le ser\u00e1 entregada la totalidad de las instalaciones a la comuna de Necochea.<\/p>\n","protected":false},"excerpt":{"rendered":"<p>Las tareas de construcci\u00f3n de los galpones y el acondicionamiento del predio a utilizar, a cargo de la empresa RELISA -concesionaria del servicio de recolecci\u00f3n de residuos- se observan avanzadas. Pron\u00f3sticos de inauguraci\u00f3n entre los meses de septiembre y octubre venideros Por Jorge G\u00f3mez A buen ritmo avanzan las obras de lo que ser\u00e1 la [&hellip;]<\/p>\n","protected":false},"author":3,"featured_media":100331,"comment_status":"open","ping_status":"open","sticky":false,"template":"","format":"standard","meta":{"footnotes":""},"categories":[3],"tags":[],"class_list":["post-100340","post","type-post","status-publish","format-standard","has-post-thumbnail","category-masnoticias"],"_links":{"self":[{"href":"https:\/\/primicias2262.com\/noticias\/wp-json\/wp\/v2\/posts\/100340","targetHints":{"allow":["GET"]}}],"collection":[{"href":"https:\/\/primicias2262.com\/noticias\/wp-json\/wp\/v2\/posts"}],"about":[{"href":"https:\/\/primicias2262.com\/noticias\/wp-json\/wp\/v2\/types\/post"}],"author":[{"embeddable":true,"href":"https:\/\/primicias2262.com\/noticias\/wp-json\/wp\/v2\/users\/3"}],"replies":[{"embeddable":true,"href":"https:\/\/primicias2262.com\/noticias\/wp-json\/wp\/v2\/comments?post=100340"}],"version-history":[{"count":1,"href":"https:\/\/primicias2262.com\/noticias\/wp-json\/wp\/v2\/posts\/100340\/revisions"}],"predecessor-version":[{"id":100344,"href":"https:\/\/primicias2262.com\/noticias\/wp-json\/wp\/v2\/posts\/100340\/revisions\/100344"}],"wp:featuredmedia":[{"embeddable":true,"href":"https:\/\/primicias2262.com\/noticias\/wp-json\/wp\/v2\/media\/100331"}],"wp:attachment":[{"href":"https:\/\/primicias2262.com\/noticias\/wp-json\/wp\/v2\/media?parent=100340"}],"wp:term":[{"taxonomy":"category","embeddable":true,"href":"https:\/\/primicias2262.com\/noticias\/wp-json\/wp\/v2\/categories?post=100340"},{"taxonomy":"post_tag","embeddable":true,"href":"https:\/\/primicias2262.com\/noticias\/wp-json\/wp\/v2\/tags?post=100340"}],"curies":[{"name":"wp","href":"https:\/\/api.w.org\/{rel}","templated":true}]}}