{"id":100345,"date":"2023-06-22T17:07:43","date_gmt":"2023-06-22T17:07:43","guid":{"rendered":"https:\/\/primicias2262.com\/noticias\/?p=100345"},"modified":"2023-06-23T17:03:42","modified_gmt":"2023-06-23T17:03:42","slug":"marcelo-ordoqui-confirmado-como-precandidato-a-intendentede-necochea-por-el-sciolismo","status":"publish","type":"post","link":"https:\/\/primicias2262.com\/noticias\/marcelo-ordoqui-confirmado-como-precandidato-a-intendentede-necochea-por-el-sciolismo\/","title":{"rendered":"Marcelo Ordoqui, confirmado como precandidato a intendente de Necochea por el \u201csciolismo\u201d"},"content":{"rendered":"<p><strong>Tal lo se\u00f1alado por fuentes de la lista \u201cUnidos Triunfaremos\u201d, sector que postula tambi\u00e9n como aspirante a la Presidencia a Daniel Scioli, y a gobernadora a Victoria Tolosa Paz. Este espacio competir\u00e1 en las primarias de Unidos por la Patria, actual oficialismo nacional y provincial. Los primeros dos precandidatos a concejales locales ser\u00edan Rolando Rodr\u00edguez y Mar\u00eda Silvia Sosa<\/strong><\/p>\n<p><strong>Por Jorge G\u00f3mez<\/strong><\/p>\n<p>Marcelo Ordoqui estar\u00eda confirmado como precandidato a intendente de Necochea por la lista \u201cUnidos Triunfaremos\u201d que postula como aspirante a la Presidencia de la Naci\u00f3n al ex gobernador de la Provincia de Buenos Aires, Daniel Scioli -actual embajador del pa\u00eds en Brasil- y como precandidata a gobernadora bonaerense a Victoria Tolosa Paz -actual ministra de Desarrollo Social de la Naci\u00f3n-.<\/p>\n<p>Este sector participar\u00eda de las primarias en Necochea del frente Unidos por la Patria que, al igual que el resto de las corrientes y alianzas pol\u00edticas, dirimir\u00edan su caudal de votos el domingo 13 de agosto, tras lo cual, de imponerse en este comicio interno, quedar inscriptos como candidatos para la elecci\u00f3n nacional y provincial que, para el primer turno, ya tiene fecha de realizaci\u00f3n el domingo 22 de octubre pr\u00f3ximo. A\u00fan no se sabe cu\u00e1ndo se votar\u00e1 a los cargos provinciales que ser\u00e1n los electos y que jurar\u00e1n como tales a fin de a\u00f1o.<\/p>\n<p>Trascendi\u00f3 que \u201cla \u00fanica lista de Scioli y de Tolosa Paz en Necochea es la que encabeza Marcelo Ordoqui\u201d, seg\u00fan dio cuenta un conocedor de los sucesos que se registran por estas horas, desalentando la posibilidad de que surja otra n\u00f3mina que tambi\u00e9n represente al ex gobernador.<\/p>\n<p>Ya estar\u00eda definido -se a\u00f1adi\u00f3- que Rolando Rodr\u00edguez ser\u00eda el primer precandidato a concejal por la lista local de \u201cUnidos Triunfaremos\u201d de Necochea, escoltado por Mar\u00eda Silvia Sosa -dirigente que milita en ATE-, \u201cmientras que la composici\u00f3n del resto de la n\u00f3mina se est\u00e1 cerrando por estas horas, conversando con sectores del peronismo y de la sociedad local\u201d, se apunt\u00f3.<\/p>\n<p>La presentaci\u00f3n de los avales, la informaci\u00f3n del color de la lista, la informaci\u00f3n de los apoderados y otros tr\u00e1mites de tinte electoral, ante la Junta Electoral del frente Unidos por la Patria, ya habr\u00eda sido realizado por esta corriente que lidera localmente Ordoqui.<\/p>\n<p>Un dato que se pudo conocer es que Mar\u00eda Eva Venegas, una de las hijas del fallecido Ger\u00f3nimo Venegas -el lunes 26 de junio se estar\u00e1n cumpliendo 6 a\u00f1os de su desaparici\u00f3n f\u00edsica- podr\u00eda estar pujando para integrar la n\u00f3mina \u201csciolista\u201d de precandidatos a diputados provinciales por la Quinta Secci\u00f3n Electoral.<\/p>\n<p>&nbsp;<\/p>\n","protected":false},"excerpt":{"rendered":"<p>Tal lo se\u00f1alado por fuentes de la lista \u201cUnidos Triunfaremos\u201d, sector que postula tambi\u00e9n como aspirante a la Presidencia a Daniel Scioli, y a gobernadora a Victoria Tolosa Paz. Este espacio competir\u00e1 en las primarias de Unidos por la Patria, actual oficialismo nacional y provincial. Los primeros dos precandidatos a concejales locales ser\u00edan Rolando Rodr\u00edguez [&hellip;]<\/p>\n","protected":false},"author":3,"featured_media":100296,"comment_status":"open","ping_status":"open","sticky":false,"template":"","format":"standard","meta":{"footnotes":""},"categories":[3],"tags":[],"class_list":["post-100345","post","type-post","status-publish","format-standard","has-post-thumbnail","category-masnoticias"],"_links":{"self":[{"href":"https:\/\/primicias2262.com\/noticias\/wp-json\/wp\/v2\/posts\/100345","targetHints":{"allow":["GET"]}}],"collection":[{"href":"https:\/\/primicias2262.com\/noticias\/wp-json\/wp\/v2\/posts"}],"about":[{"href":"https:\/\/primicias2262.com\/noticias\/wp-json\/wp\/v2\/types\/post"}],"author":[{"embeddable":true,"href":"https:\/\/primicias2262.com\/noticias\/wp-json\/wp\/v2\/users\/3"}],"replies":[{"embeddable":true,"href":"https:\/\/primicias2262.com\/noticias\/wp-json\/wp\/v2\/comments?post=100345"}],"version-history":[{"count":2,"href":"https:\/\/primicias2262.com\/noticias\/wp-json\/wp\/v2\/posts\/100345\/revisions"}],"predecessor-version":[{"id":100354,"href":"https:\/\/primicias2262.com\/noticias\/wp-json\/wp\/v2\/posts\/100345\/revisions\/100354"}],"wp:featuredmedia":[{"embeddable":true,"href":"https:\/\/primicias2262.com\/noticias\/wp-json\/wp\/v2\/media\/100296"}],"wp:attachment":[{"href":"https:\/\/primicias2262.com\/noticias\/wp-json\/wp\/v2\/media?parent=100345"}],"wp:term":[{"taxonomy":"category","embeddable":true,"href":"https:\/\/primicias2262.com\/noticias\/wp-json\/wp\/v2\/categories?post=100345"},{"taxonomy":"post_tag","embeddable":true,"href":"https:\/\/primicias2262.com\/noticias\/wp-json\/wp\/v2\/tags?post=100345"}],"curies":[{"name":"wp","href":"https:\/\/api.w.org\/{rel}","templated":true}]}}