{"id":100365,"date":"2023-06-23T09:57:05","date_gmt":"2023-06-23T09:57:05","guid":{"rendered":"https:\/\/primicias2262.com\/noticias\/?p=100365"},"modified":"2023-06-23T14:01:38","modified_gmt":"2023-06-23T14:01:38","slug":"afip-suspende-los-plazos-de-los-procedimientos-por-la-feria-judicial","status":"publish","type":"post","link":"https:\/\/primicias2262.com\/noticias\/afip-suspende-los-plazos-de-los-procedimientos-por-la-feria-judicial\/","title":{"rendered":"AFIP suspende los plazos de los procedimientos por la feria judicial"},"content":{"rendered":"<div class=\"col-12 col-sm-9\">\n<div class=\"nota_content mt-30\">\n<p><strong>La Administraci\u00f3n Federal de Ingresos P\u00fablicos (AFIP) fij\u00f3 entre el 17 y el 28 de julio pr\u00f3ximo, teniendo en cuenta la feria judicial, per\u00edodo durante el cual no se computar\u00e1n los plazos previstos en los distintos procedimientos vigentes ante el organismo, vinculados con la aplicaci\u00f3n, percepci\u00f3n y fiscalizaci\u00f3n de los tributos a su cargo.<\/strong><\/p>\n<p>As\u00ed lo estableci\u00f3 a trav\u00e9s de la Resoluci\u00f3n General 5375\/2023 publicada hoy en el Bolet\u00edn Oficial, en cumplimiento con el inciso b) del art\u00edculo 1\u00b0 de la RG 1983\/2005.<\/p>\n<p>Esta resoluci\u00f3n previ\u00f3 que, durante determinados per\u00edodos del a\u00f1o, atendiendo a las ferias judiciales que se establezcan para el Poder Judicial de la Naci\u00f3n, no se computen los plazos previstos en los distintos procedimientos.<\/p>\n<p>La decisi\u00f3n de AFIP abarca procedimientos en materia impositiva, aduanera y de los recursos de la seguridad social.<\/p>\n<\/div>\n<\/div>\n","protected":false},"excerpt":{"rendered":"<p>La Administraci\u00f3n Federal de Ingresos P\u00fablicos (AFIP) fij\u00f3 entre el 17 y el 28 de julio pr\u00f3ximo, teniendo en cuenta la feria judicial, per\u00edodo durante el cual no se computar\u00e1n los plazos previstos en los distintos procedimientos vigentes ante el organismo, vinculados con la aplicaci\u00f3n, percepci\u00f3n y fiscalizaci\u00f3n de los tributos a su cargo. As\u00ed [&hellip;]<\/p>\n","protected":false},"author":3,"featured_media":100366,"comment_status":"open","ping_status":"open","sticky":false,"template":"","format":"standard","meta":{"footnotes":""},"categories":[7],"tags":[],"class_list":{"0":"post-100365","1":"post","2":"type-post","3":"status-publish","4":"format-standard","5":"has-post-thumbnail","7":"category-nac"},"_links":{"self":[{"href":"https:\/\/primicias2262.com\/noticias\/wp-json\/wp\/v2\/posts\/100365","targetHints":{"allow":["GET"]}}],"collection":[{"href":"https:\/\/primicias2262.com\/noticias\/wp-json\/wp\/v2\/posts"}],"about":[{"href":"https:\/\/primicias2262.com\/noticias\/wp-json\/wp\/v2\/types\/post"}],"author":[{"embeddable":true,"href":"https:\/\/primicias2262.com\/noticias\/wp-json\/wp\/v2\/users\/3"}],"replies":[{"embeddable":true,"href":"https:\/\/primicias2262.com\/noticias\/wp-json\/wp\/v2\/comments?post=100365"}],"version-history":[{"count":2,"href":"https:\/\/primicias2262.com\/noticias\/wp-json\/wp\/v2\/posts\/100365\/revisions"}],"predecessor-version":[{"id":100368,"href":"https:\/\/primicias2262.com\/noticias\/wp-json\/wp\/v2\/posts\/100365\/revisions\/100368"}],"wp:featuredmedia":[{"embeddable":true,"href":"https:\/\/primicias2262.com\/noticias\/wp-json\/wp\/v2\/media\/100366"}],"wp:attachment":[{"href":"https:\/\/primicias2262.com\/noticias\/wp-json\/wp\/v2\/media?parent=100365"}],"wp:term":[{"taxonomy":"category","embeddable":true,"href":"https:\/\/primicias2262.com\/noticias\/wp-json\/wp\/v2\/categories?post=100365"},{"taxonomy":"post_tag","embeddable":true,"href":"https:\/\/primicias2262.com\/noticias\/wp-json\/wp\/v2\/tags?post=100365"}],"curies":[{"name":"wp","href":"https:\/\/api.w.org\/{rel}","templated":true}]}}