{"id":100372,"date":"2023-06-23T15:05:44","date_gmt":"2023-06-23T15:05:44","guid":{"rendered":"https:\/\/primicias2262.com\/noticias\/?p=100372"},"modified":"2023-06-24T20:06:55","modified_gmt":"2023-06-24T20:06:55","slug":"el-tano-cafiel-y-sus-estudiantes-iluminaron-un-paseo-historico-de-balcarce","status":"publish","type":"post","link":"https:\/\/primicias2262.com\/noticias\/el-tano-cafiel-y-sus-estudiantes-iluminaron-un-paseo-historico-de-balcarce\/","title":{"rendered":"El \u201cTano\u201d Cafiel y sus estudiantes iluminaron un paseo hist\u00f3rico de Balcarce"},"content":{"rendered":"<p><strong>Durante el \u00faltimo fin de semana largo iluminaron la cruz que se encuentra en el mirador de Balcarce en la Ruta 55, a 450 metros de altura. El profesor, Norberto \u201cTano\u201d Cafiel cont\u00f3 detalles de la movida y destac\u00f3 al intendente ce la ciudad serrana, Esteban Reino, \u201cque no nos conoce y confi\u00f3 en la capacidad de la educaci\u00f3n p\u00fablica que se les brinda en la ciudad a los j\u00f3venes de Balcarce\u201d.<\/strong><\/p>\n<p>En medio de una comunicaci\u00f3n telef\u00f3nica con el periodista Jorge G\u00f3mez en \u201cVoces de la Ciudad\u201d, Cafiel explic\u00f3 que \u201ctrabajando sobre sustentabilidad energ\u00e9tica este a\u00f1o, la capacitaci\u00f3n a los estudiantes ronda en el \u00e1rea de eficiencia energ\u00e9tica en la que tres de los muchachos son de Balcarce y vienen todas las semanas a perfeccionarse a Necochea, y fueron ellos quienes trajeron la propuesta de iluminar el sector\u201d.<\/p>\n<p>Aport\u00f3 seguidamente que \u201cellos tienen un mirador realmente muy lindo ni bien se ingresa a Balcarce por la Ruta 55 hasta la calle 40, es el norte del aut\u00f3dromo (Juan Manuel Fangio), el pico m\u00e1s alto cuando vamos yendo de Necochea para Balcarce, donde la cruz fue erigida hace muchos a\u00f1os por vecinos de la ciudad y es un paseo hist\u00f3rico que tienen\u201d.<\/p>\n<p><a href=\"https:\/\/primicias2262.com\/noticias\/wp-content\/uploads\/2023\/06\/WhatsApp-Image-2023-06-22-at-11.03.51-PM2.jpeg\"><img loading=\"lazy\" decoding=\"async\" class=\"aligncenter size-full wp-image-100374\" src=\"https:\/\/primicias2262.com\/noticias\/wp-content\/uploads\/2023\/06\/WhatsApp-Image-2023-06-22-at-11.03.51-PM2.jpeg\" alt=\"\" width=\"771\" height=\"1024\" srcset=\"https:\/\/primicias2262.com\/noticias\/wp-content\/uploads\/2023\/06\/WhatsApp-Image-2023-06-22-at-11.03.51-PM2.jpeg 771w, https:\/\/primicias2262.com\/noticias\/wp-content\/uploads\/2023\/06\/WhatsApp-Image-2023-06-22-at-11.03.51-PM2-226x300.jpeg 226w, https:\/\/primicias2262.com\/noticias\/wp-content\/uploads\/2023\/06\/WhatsApp-Image-2023-06-22-at-11.03.51-PM2-768x1020.jpeg 768w, https:\/\/primicias2262.com\/noticias\/wp-content\/uploads\/2023\/06\/WhatsApp-Image-2023-06-22-at-11.03.51-PM2-150x199.jpeg 150w, https:\/\/primicias2262.com\/noticias\/wp-content\/uploads\/2023\/06\/WhatsApp-Image-2023-06-22-at-11.03.51-PM2-300x398.jpeg 300w, https:\/\/primicias2262.com\/noticias\/wp-content\/uploads\/2023\/06\/WhatsApp-Image-2023-06-22-at-11.03.51-PM2-696x924.jpeg 696w\" sizes=\"auto, (max-width: 771px) 100vw, 771px\" \/><\/a>En ese marco, el \u201cTano\u201d revel\u00f3 que \u201cla propuesta se desarroll\u00f3 en nuestra ciudad y aplicamos sustentabilidad energ\u00e9tica con el desarrollo de proyectores solares y qued\u00f3 todo iluminado\u201d, aclarando que \u201clo mismo se ha hecho en Necochea con bajadas p\u00fablicas, carteles de las rutas, hospitales y estamos a disposici\u00f3n de lo que nos pidan\u201d.<\/p>\n<p>Luego, Cafiel destac\u00f3 que \u201cpongo en valor a un intendente (Esteban Andr\u00e9s Reino) que no nos conoce y confi\u00f3 en la capacidad de la educaci\u00f3n p\u00fablica que se les brinda en la ciudad a los j\u00f3venes de Balcarce\u201d, reconociendo a su vez que \u201ces muy lindo para la educaci\u00f3n necochense poder interactuar con otras ciudades, con gente e instituciones, porque le dan un valor muy grande\u201d.<\/p>\n<p>Acerca del sector iluminado, Cafiel se\u00f1al\u00f3 finalmente que \u201ces un lugar muy agreste, un sendero de monta\u00f1a que se usa para ir a caminar y asiste mucha cantidad de gente. Primeramente verificamos todo, desarrollamos la propuesta en nuestra casa de estudios y aprovechamos el feriado largo para realizarlo. El lunes qued\u00f3 inaugurado\u201d.<\/p>\n<p><a href=\"https:\/\/primicias2262.com\/noticias\/wp-content\/uploads\/2023\/06\/WhatsApp-Image-2023-06-22-at-11.03.51-PM.jpeg\"><img loading=\"lazy\" decoding=\"async\" class=\"aligncenter size-full wp-image-100375\" src=\"https:\/\/primicias2262.com\/noticias\/wp-content\/uploads\/2023\/06\/WhatsApp-Image-2023-06-22-at-11.03.51-PM.jpeg\" alt=\"\" width=\"576\" height=\"1024\" srcset=\"https:\/\/primicias2262.com\/noticias\/wp-content\/uploads\/2023\/06\/WhatsApp-Image-2023-06-22-at-11.03.51-PM.jpeg 576w, https:\/\/primicias2262.com\/noticias\/wp-content\/uploads\/2023\/06\/WhatsApp-Image-2023-06-22-at-11.03.51-PM-169x300.jpeg 169w, https:\/\/primicias2262.com\/noticias\/wp-content\/uploads\/2023\/06\/WhatsApp-Image-2023-06-22-at-11.03.51-PM-150x267.jpeg 150w, https:\/\/primicias2262.com\/noticias\/wp-content\/uploads\/2023\/06\/WhatsApp-Image-2023-06-22-at-11.03.51-PM-300x533.jpeg 300w\" sizes=\"auto, (max-width: 576px) 100vw, 576px\" \/><\/a><\/p>\n","protected":false},"excerpt":{"rendered":"<p>Durante el \u00faltimo fin de semana largo iluminaron la cruz que se encuentra en el mirador de Balcarce en la Ruta 55, a 450 metros de altura. El profesor, Norberto \u201cTano\u201d Cafiel cont\u00f3 detalles de la movida y destac\u00f3 al intendente ce la ciudad serrana, Esteban Reino, \u201cque no nos conoce y confi\u00f3 en la [&hellip;]<\/p>\n","protected":false},"author":3,"featured_media":100373,"comment_status":"open","ping_status":"open","sticky":false,"template":"","format":"standard","meta":{"footnotes":""},"categories":[3],"tags":[],"class_list":["post-100372","post","type-post","status-publish","format-standard","has-post-thumbnail","category-masnoticias"],"_links":{"self":[{"href":"https:\/\/primicias2262.com\/noticias\/wp-json\/wp\/v2\/posts\/100372","targetHints":{"allow":["GET"]}}],"collection":[{"href":"https:\/\/primicias2262.com\/noticias\/wp-json\/wp\/v2\/posts"}],"about":[{"href":"https:\/\/primicias2262.com\/noticias\/wp-json\/wp\/v2\/types\/post"}],"author":[{"embeddable":true,"href":"https:\/\/primicias2262.com\/noticias\/wp-json\/wp\/v2\/users\/3"}],"replies":[{"embeddable":true,"href":"https:\/\/primicias2262.com\/noticias\/wp-json\/wp\/v2\/comments?post=100372"}],"version-history":[{"count":1,"href":"https:\/\/primicias2262.com\/noticias\/wp-json\/wp\/v2\/posts\/100372\/revisions"}],"predecessor-version":[{"id":100376,"href":"https:\/\/primicias2262.com\/noticias\/wp-json\/wp\/v2\/posts\/100372\/revisions\/100376"}],"wp:featuredmedia":[{"embeddable":true,"href":"https:\/\/primicias2262.com\/noticias\/wp-json\/wp\/v2\/media\/100373"}],"wp:attachment":[{"href":"https:\/\/primicias2262.com\/noticias\/wp-json\/wp\/v2\/media?parent=100372"}],"wp:term":[{"taxonomy":"category","embeddable":true,"href":"https:\/\/primicias2262.com\/noticias\/wp-json\/wp\/v2\/categories?post=100372"},{"taxonomy":"post_tag","embeddable":true,"href":"https:\/\/primicias2262.com\/noticias\/wp-json\/wp\/v2\/tags?post=100372"}],"curies":[{"name":"wp","href":"https:\/\/api.w.org\/{rel}","templated":true}]}}