{"id":100381,"date":"2023-06-23T00:27:04","date_gmt":"2023-06-23T00:27:04","guid":{"rendered":"https:\/\/primicias2262.com\/noticias\/?p=100381"},"modified":"2023-06-24T20:00:11","modified_gmt":"2023-06-24T20:00:11","slug":"este-sabado-hay-jornada-de-castracion-masiva-de-mascotas-en-el-caps-norte","status":"publish","type":"post","link":"https:\/\/primicias2262.com\/noticias\/este-sabado-hay-jornada-de-castracion-masiva-de-mascotas-en-el-caps-norte\/","title":{"rendered":"Este s\u00e1bado hay jornada de castraci\u00f3n masiva de mascotas en el CAPS Norte"},"content":{"rendered":"<p><strong>El operativo dar\u00e1 comienzo a partir de las 9, pero desde las 8 AM se comienzan a dar los turnos, que son por orden de llegada. Se castrar\u00e1 hasta 45 mascotas.<\/strong><\/p>\n<p>En \u201cVoces de la Ciudad\u201d, quien entreg\u00f3 detalles del caso ante la consulta del periodista Jorge G\u00f3mez fue el integrante de Bromatolog\u00eda e Higiene municipal, Gustavo Fuhr, quien se\u00f1al\u00f3 que el operativo ser\u00e1 un refuerzo a la jornada habitual de castraciones con el objetivo de llevar el programa a los barrios.<\/p>\n<p>\u201cSe realizar\u00e1 en el CAPS de Barrio Norte, en calle 72 N\u00ba 2324, a partir de las 9\u201d, reafirm\u00f3 Fuhr, quien al pregunt\u00e1rsele si se suspende por lluvia respondi\u00f3 que \u201cpor lo que dice el pron\u00f3stico, prevemos que pueda caer alguna llovizna pero no creo que nos traiga inconvenientes\u201d.<\/p>\n<p>Sobre el operativo del quir\u00f3fano m\u00f3vil en s\u00ed, inform\u00f3 que \u201cla cirug\u00eda arranca a las 9, aunque los turnos se dan a partir de las 8 y es por orden de llegada\u201d, y acot\u00f3 que es necesario que las personas lleven el DNI para la firma de consentimiento.<\/p>\n<p>\u201cSe iniciar\u00e1 con los felinos, que sufren m\u00e1s el estr\u00e9s\u201d, aclar\u00f3, para concluir sugiriendo que para el pos quir\u00fargico lleven un abrigo o manta para los animalitos. \u201cTambi\u00e9n es importante que tengan un ayuno de seis horas los felinos y caninos chicos; y de 12 horas los perros de mayor tama\u00f1o\u201d, culmin\u00f3.<\/p>\n<p>&nbsp;<\/p>\n","protected":false},"excerpt":{"rendered":"<p>El operativo dar\u00e1 comienzo a partir de las 9, pero desde las 8 AM se comienzan a dar los turnos, que son por orden de llegada. Se castrar\u00e1 hasta 45 mascotas. En \u201cVoces de la Ciudad\u201d, quien entreg\u00f3 detalles del caso ante la consulta del periodista Jorge G\u00f3mez fue el integrante de Bromatolog\u00eda e Higiene [&hellip;]<\/p>\n","protected":false},"author":3,"featured_media":100385,"comment_status":"open","ping_status":"open","sticky":false,"template":"","format":"standard","meta":{"footnotes":""},"categories":[3],"tags":[],"class_list":["post-100381","post","type-post","status-publish","format-standard","has-post-thumbnail","category-masnoticias"],"_links":{"self":[{"href":"https:\/\/primicias2262.com\/noticias\/wp-json\/wp\/v2\/posts\/100381","targetHints":{"allow":["GET"]}}],"collection":[{"href":"https:\/\/primicias2262.com\/noticias\/wp-json\/wp\/v2\/posts"}],"about":[{"href":"https:\/\/primicias2262.com\/noticias\/wp-json\/wp\/v2\/types\/post"}],"author":[{"embeddable":true,"href":"https:\/\/primicias2262.com\/noticias\/wp-json\/wp\/v2\/users\/3"}],"replies":[{"embeddable":true,"href":"https:\/\/primicias2262.com\/noticias\/wp-json\/wp\/v2\/comments?post=100381"}],"version-history":[{"count":2,"href":"https:\/\/primicias2262.com\/noticias\/wp-json\/wp\/v2\/posts\/100381\/revisions"}],"predecessor-version":[{"id":100401,"href":"https:\/\/primicias2262.com\/noticias\/wp-json\/wp\/v2\/posts\/100381\/revisions\/100401"}],"wp:featuredmedia":[{"embeddable":true,"href":"https:\/\/primicias2262.com\/noticias\/wp-json\/wp\/v2\/media\/100385"}],"wp:attachment":[{"href":"https:\/\/primicias2262.com\/noticias\/wp-json\/wp\/v2\/media?parent=100381"}],"wp:term":[{"taxonomy":"category","embeddable":true,"href":"https:\/\/primicias2262.com\/noticias\/wp-json\/wp\/v2\/categories?post=100381"},{"taxonomy":"post_tag","embeddable":true,"href":"https:\/\/primicias2262.com\/noticias\/wp-json\/wp\/v2\/tags?post=100381"}],"curies":[{"name":"wp","href":"https:\/\/api.w.org\/{rel}","templated":true}]}}