{"id":100386,"date":"2023-06-27T05:08:13","date_gmt":"2023-06-27T05:08:13","guid":{"rendered":"https:\/\/primicias2262.com\/noticias\/?p=100386"},"modified":"2023-06-28T16:49:55","modified_gmt":"2023-06-28T16:49:55","slug":"en-15-o-20-dias-se-realizaria-la-inauguracion-de-la-primera-etapa-de-la-pista-de-atletismo","status":"publish","type":"post","link":"https:\/\/primicias2262.com\/noticias\/en-15-o-20-dias-se-realizaria-la-inauguracion-de-la-primera-etapa-de-la-pista-de-atletismo\/","title":{"rendered":"En 15 o 20 d\u00edas se realizar\u00eda la inauguraci\u00f3n de la primera etapa de la pista de atletismo"},"content":{"rendered":"<p><strong>As\u00ed lo confirm\u00f3 el secretario de Obras P\u00fablicas del municipio, Adri\u00e1n Furno, al referirse a la tan esperada obra que se lleva a cabo con fondos nacionales en el predio del Polideportivo \u201cEdgardo Hugo Yelpo\u201d.<\/strong><\/p>\n<p>Al ser consultado entre otras cuestiones en \u201cVoces de la Ciudad\u201d por el periodista Jorge G\u00f3mez, el funcionario precis\u00f3 que \u201cen lo que es la pista de atletismo propiamente dicha ya est\u00e1 con todo el material colocado, tiene las veredas laterales terminadas, est\u00e1 todo el alambrado perimetral, se pusieron las iluminaciones trial del frente y est\u00e1n las pruebas de las torres de iluminaci\u00f3n. Ahora se est\u00e1 haciendo la parte de vestuarios y ba\u00f1os y se estaba terminando actualmente la rampa para discapacitados\u201d.<\/p>\n<p>Por consiguiente, \u201csi el clima nos acompa\u00f1a, creo que en el lapso de los pr\u00f3ximos 15 o 20 d\u00edas estamos para realizar las terminaciones y prontos a hacer la inauguraci\u00f3n de la primera etapa de la pista\u201d, se\u00f1al\u00f3 el secretario, aclarando que \u201cluego habr\u00e1 una segunda etapa en la que haremos la parte complementaria de los deportes que se har\u00e1n en el centro de la pista, como saltos y lanzamientos, y la posibilidad de alguna cancha de v\u00f3ley o dem\u00e1s, porque la idea es que ese complejo deportivo se siga fomentando con otros deportes m\u00e1s all\u00e1 de la pista de atletismo, y que pueda utilizarse durante todo el a\u00f1o\u201d.<\/p>\n<p>Consciente de los largos a\u00f1os que el espectro atl\u00e9tico de la ciudad espera por este \u00fatil, Furno destac\u00f3 finalmente que \u201cse hablado bastante de que ha pasado mucho tiempo para poder hacer la pista y si Dios quiere va a ser una realidad para que se pueda utilizar\u201d.<\/p>\n","protected":false},"excerpt":{"rendered":"<p>As\u00ed lo confirm\u00f3 el secretario de Obras P\u00fablicas del municipio, Adri\u00e1n Furno, al referirse a la tan esperada obra que se lleva a cabo con fondos nacionales en el predio del Polideportivo \u201cEdgardo Hugo Yelpo\u201d. Al ser consultado entre otras cuestiones en \u201cVoces de la Ciudad\u201d por el periodista Jorge G\u00f3mez, el funcionario precis\u00f3 que [&hellip;]<\/p>\n","protected":false},"author":3,"featured_media":100388,"comment_status":"open","ping_status":"open","sticky":false,"template":"","format":"standard","meta":{"footnotes":""},"categories":[3],"tags":[],"class_list":["post-100386","post","type-post","status-publish","format-standard","has-post-thumbnail","category-masnoticias"],"_links":{"self":[{"href":"https:\/\/primicias2262.com\/noticias\/wp-json\/wp\/v2\/posts\/100386","targetHints":{"allow":["GET"]}}],"collection":[{"href":"https:\/\/primicias2262.com\/noticias\/wp-json\/wp\/v2\/posts"}],"about":[{"href":"https:\/\/primicias2262.com\/noticias\/wp-json\/wp\/v2\/types\/post"}],"author":[{"embeddable":true,"href":"https:\/\/primicias2262.com\/noticias\/wp-json\/wp\/v2\/users\/3"}],"replies":[{"embeddable":true,"href":"https:\/\/primicias2262.com\/noticias\/wp-json\/wp\/v2\/comments?post=100386"}],"version-history":[{"count":2,"href":"https:\/\/primicias2262.com\/noticias\/wp-json\/wp\/v2\/posts\/100386\/revisions"}],"predecessor-version":[{"id":100450,"href":"https:\/\/primicias2262.com\/noticias\/wp-json\/wp\/v2\/posts\/100386\/revisions\/100450"}],"wp:featuredmedia":[{"embeddable":true,"href":"https:\/\/primicias2262.com\/noticias\/wp-json\/wp\/v2\/media\/100388"}],"wp:attachment":[{"href":"https:\/\/primicias2262.com\/noticias\/wp-json\/wp\/v2\/media?parent=100386"}],"wp:term":[{"taxonomy":"category","embeddable":true,"href":"https:\/\/primicias2262.com\/noticias\/wp-json\/wp\/v2\/categories?post=100386"},{"taxonomy":"post_tag","embeddable":true,"href":"https:\/\/primicias2262.com\/noticias\/wp-json\/wp\/v2\/tags?post=100386"}],"curies":[{"name":"wp","href":"https:\/\/api.w.org\/{rel}","templated":true}]}}