{"id":100392,"date":"2023-06-24T19:50:14","date_gmt":"2023-06-24T19:50:14","guid":{"rendered":"https:\/\/primicias2262.com\/noticias\/?p=100392"},"modified":"2023-06-26T11:57:59","modified_gmt":"2023-06-26T11:57:59","slug":"culmino-la-obra-de-la-vereda-de-avenida-10-entre-calles-117-a-155","status":"publish","type":"post","link":"https:\/\/primicias2262.com\/noticias\/culmino-la-obra-de-la-vereda-de-avenida-10-entre-calles-117-a-155\/","title":{"rendered":"Culmin\u00f3 la obra de la\u00a0vereda de avenida 10\u00a0entre calles 117 a 155"},"content":{"rendered":"<p><strong>Por Jorge G\u00f3mez\u00a0<\/strong><\/p>\n<p><strong>Y en la noche del viernes 23 de junio de 2023 finaliz\u00f3 la obra de extensi\u00f3n de la vereda \u201cpavimentada con asfalto negro\u201d, en la uni\u00f3n del tramo de la avenida 10 entre las calles 117 y 155.\u00a0<\/strong><\/p>\n<p>El sector, vereda paralela al Parque Miguel Lillo, y que es utilizado por peatones y ciclistas, se encuentra iluminado.<\/p>\n<p>Las fotos adjuntas corresponden a la actividad nocturna de esta jornada, ya del invierno 2023.<\/p>\n<p><a href=\"https:\/\/primicias2262.com\/noticias\/wp-content\/uploads\/2023\/06\/IMG-20230623-WA0135.jpg\"><img loading=\"lazy\" decoding=\"async\" class=\"aligncenter size-full wp-image-100395\" src=\"https:\/\/primicias2262.com\/noticias\/wp-content\/uploads\/2023\/06\/IMG-20230623-WA0135.jpg\" alt=\"\" width=\"1600\" height=\"1200\" srcset=\"https:\/\/primicias2262.com\/noticias\/wp-content\/uploads\/2023\/06\/IMG-20230623-WA0135.jpg 1600w, https:\/\/primicias2262.com\/noticias\/wp-content\/uploads\/2023\/06\/IMG-20230623-WA0135-300x225.jpg 300w, https:\/\/primicias2262.com\/noticias\/wp-content\/uploads\/2023\/06\/IMG-20230623-WA0135-1024x768.jpg 1024w, https:\/\/primicias2262.com\/noticias\/wp-content\/uploads\/2023\/06\/IMG-20230623-WA0135-768x576.jpg 768w, https:\/\/primicias2262.com\/noticias\/wp-content\/uploads\/2023\/06\/IMG-20230623-WA0135-1536x1152.jpg 1536w, https:\/\/primicias2262.com\/noticias\/wp-content\/uploads\/2023\/06\/IMG-20230623-WA0135-150x113.jpg 150w, https:\/\/primicias2262.com\/noticias\/wp-content\/uploads\/2023\/06\/IMG-20230623-WA0135-696x522.jpg 696w, https:\/\/primicias2262.com\/noticias\/wp-content\/uploads\/2023\/06\/IMG-20230623-WA0135-1068x801.jpg 1068w\" sizes=\"auto, (max-width: 1600px) 100vw, 1600px\" \/><\/a><\/p>\n<p>Este \u00faltimo plan de trabajo, licitado por la Municipalidad de Necochea, correspondi\u00f3 a 2.300 metros, uni\u00e9ndose al que nace en avenida 10 y Pinolandia.<\/p>\n<p>Sumando ambos tramos resultan en 3.700 metros de vereda iluminada, brindando un paseo importante hacia el Sudoeste de esta \u00e1rea de la ciudad, cercana al mar y que conecta clubes deportivos, el campamento Scout, el Vivero municipal y el vel\u00f3dromo.<\/p>\n<p><a href=\"https:\/\/primicias2262.com\/noticias\/wp-content\/uploads\/2023\/06\/IMG-20230623-WA0086.jpg\"><img loading=\"lazy\" decoding=\"async\" class=\"aligncenter size-full wp-image-100393\" src=\"https:\/\/primicias2262.com\/noticias\/wp-content\/uploads\/2023\/06\/IMG-20230623-WA0086.jpg\" alt=\"\" width=\"1600\" height=\"1200\" srcset=\"https:\/\/primicias2262.com\/noticias\/wp-content\/uploads\/2023\/06\/IMG-20230623-WA0086.jpg 1600w, https:\/\/primicias2262.com\/noticias\/wp-content\/uploads\/2023\/06\/IMG-20230623-WA0086-300x225.jpg 300w, https:\/\/primicias2262.com\/noticias\/wp-content\/uploads\/2023\/06\/IMG-20230623-WA0086-1024x768.jpg 1024w, https:\/\/primicias2262.com\/noticias\/wp-content\/uploads\/2023\/06\/IMG-20230623-WA0086-768x576.jpg 768w, https:\/\/primicias2262.com\/noticias\/wp-content\/uploads\/2023\/06\/IMG-20230623-WA0086-1536x1152.jpg 1536w, https:\/\/primicias2262.com\/noticias\/wp-content\/uploads\/2023\/06\/IMG-20230623-WA0086-150x113.jpg 150w, https:\/\/primicias2262.com\/noticias\/wp-content\/uploads\/2023\/06\/IMG-20230623-WA0086-696x522.jpg 696w, https:\/\/primicias2262.com\/noticias\/wp-content\/uploads\/2023\/06\/IMG-20230623-WA0086-1068x801.jpg 1068w\" sizes=\"auto, (max-width: 1600px) 100vw, 1600px\" \/><\/a><\/p>\n","protected":false},"excerpt":{"rendered":"<p>Por Jorge G\u00f3mez\u00a0 Y en la noche del viernes 23 de junio de 2023 finaliz\u00f3 la obra de extensi\u00f3n de la vereda \u201cpavimentada con asfalto negro\u201d, en la uni\u00f3n del tramo de la avenida 10 entre las calles 117 y 155.\u00a0 El sector, vereda paralela al Parque Miguel Lillo, y que es utilizado por peatones [&hellip;]<\/p>\n","protected":false},"author":3,"featured_media":100394,"comment_status":"open","ping_status":"open","sticky":false,"template":"","format":"standard","meta":{"footnotes":""},"categories":[3],"tags":[],"class_list":["post-100392","post","type-post","status-publish","format-standard","has-post-thumbnail","category-masnoticias"],"_links":{"self":[{"href":"https:\/\/primicias2262.com\/noticias\/wp-json\/wp\/v2\/posts\/100392","targetHints":{"allow":["GET"]}}],"collection":[{"href":"https:\/\/primicias2262.com\/noticias\/wp-json\/wp\/v2\/posts"}],"about":[{"href":"https:\/\/primicias2262.com\/noticias\/wp-json\/wp\/v2\/types\/post"}],"author":[{"embeddable":true,"href":"https:\/\/primicias2262.com\/noticias\/wp-json\/wp\/v2\/users\/3"}],"replies":[{"embeddable":true,"href":"https:\/\/primicias2262.com\/noticias\/wp-json\/wp\/v2\/comments?post=100392"}],"version-history":[{"count":1,"href":"https:\/\/primicias2262.com\/noticias\/wp-json\/wp\/v2\/posts\/100392\/revisions"}],"predecessor-version":[{"id":100396,"href":"https:\/\/primicias2262.com\/noticias\/wp-json\/wp\/v2\/posts\/100392\/revisions\/100396"}],"wp:featuredmedia":[{"embeddable":true,"href":"https:\/\/primicias2262.com\/noticias\/wp-json\/wp\/v2\/media\/100394"}],"wp:attachment":[{"href":"https:\/\/primicias2262.com\/noticias\/wp-json\/wp\/v2\/media?parent=100392"}],"wp:term":[{"taxonomy":"category","embeddable":true,"href":"https:\/\/primicias2262.com\/noticias\/wp-json\/wp\/v2\/categories?post=100392"},{"taxonomy":"post_tag","embeddable":true,"href":"https:\/\/primicias2262.com\/noticias\/wp-json\/wp\/v2\/tags?post=100392"}],"curies":[{"name":"wp","href":"https:\/\/api.w.org\/{rel}","templated":true}]}}