{"id":100397,"date":"2023-06-24T19:59:14","date_gmt":"2023-06-24T19:59:14","guid":{"rendered":"https:\/\/primicias2262.com\/noticias\/?p=100397"},"modified":"2023-06-24T23:33:39","modified_gmt":"2023-06-24T23:33:39","slug":"la-lista-de-javier-milei-en-necochea","status":"publish","type":"post","link":"https:\/\/primicias2262.com\/noticias\/la-lista-de-javier-milei-en-necochea\/","title":{"rendered":"La lista de Javier\u00a0Milei en Necochea\u00a0"},"content":{"rendered":"<p><strong>Con Pablo Nosek como precandidato a intendente y de Mariano Valiante como primer postulante al Concejo Deliberante. La n\u00f3mina que se inscribir\u00e1 para las primarias locales del 13 de agosto pr\u00f3ximo\u00a0<\/strong><\/p>\n<p><strong>Por Jorge G\u00f3mez\u00a0<\/strong><\/p>\n<p>Fuentes del sector dieron cuenta esta noche de viernes 23 de junio del siguiente informe:<\/p>\n<p><strong>\u201cSe oficializ\u00f3 la lista de La Libertad Avanza Necochea:<\/strong><\/p>\n<p><strong>Intendente<\/strong><\/p>\n<p>NOSEK, Pablo Adri\u00e1n<\/p>\n<p><strong>Concejales titulares:<\/strong><\/p>\n<p>VALIANTE, Luis Mariano<\/p>\n<p>BIBBO, Veronica Andrea<\/p>\n<p>ESTERMAN, Uriel Rodolfo<\/p>\n<p>CARUCHO, Viviana In\u00e9s<\/p>\n<p>LIMA, Juan Jos\u00e9<\/p>\n<p>LIZARDO, Graciela Beatriz<\/p>\n<p>CASTILLO, Roberto Roque<\/p>\n<p>IBARRA, Daniela Elizabeth<\/p>\n<p>GOMEZ, Juli\u00e1n Eduardo<\/p>\n<p>BALDOVINO VALENTINI, Florencia<\/p>\n<p><strong>Concejales suplentes:<\/strong><\/p>\n<p>ZUPATO, Lucas Iv\u00e1n<\/p>\n<p>GRECCO, Angela del Carmen<\/p>\n<p>DANNUNZIO, F\u00e9lix Nicol\u00e1s<\/p>\n<p>CEJAS, Nilda Nidia<\/p>\n<p>ZUPATO, Mat\u00edas Jos\u00e9<\/p>\n<p>BELTR\u00c1N, Claudia Andrea<\/p>\n<p><strong>Consejeros escolares titulares:<\/strong><\/p>\n<p>BETBEDER, Mart\u00edn Adri\u00e1n<\/p>\n<p>BEN\u00cdTEZ, Maria Karina<\/p>\n<p>MAGNATERRA, Juan Manuel<\/p>\n<p><strong>Consejeros escolares suplentes:<\/strong><\/p>\n<p>BLANCO, Claudia Marcela<\/p>\n<p>MARINGOLO, Jos\u00e9 Sebasti\u00e1n<\/p>\n<p>BINKIEWICZ: Candelaria\u201d<\/p>\n<p>&nbsp;<\/p>\n","protected":false},"excerpt":{"rendered":"<p>Con Pablo Nosek como precandidato a intendente y de Mariano Valiante como primer postulante al Concejo Deliberante. La n\u00f3mina que se inscribir\u00e1 para las primarias locales del 13 de agosto pr\u00f3ximo\u00a0 Por Jorge G\u00f3mez\u00a0 Fuentes del sector dieron cuenta esta noche de viernes 23 de junio del siguiente informe: \u201cSe oficializ\u00f3 la lista de La [&hellip;]<\/p>\n","protected":false},"author":3,"featured_media":100398,"comment_status":"open","ping_status":"open","sticky":false,"template":"","format":"standard","meta":{"footnotes":""},"categories":[3],"tags":[],"class_list":["post-100397","post","type-post","status-publish","format-standard","has-post-thumbnail","category-masnoticias"],"_links":{"self":[{"href":"https:\/\/primicias2262.com\/noticias\/wp-json\/wp\/v2\/posts\/100397","targetHints":{"allow":["GET"]}}],"collection":[{"href":"https:\/\/primicias2262.com\/noticias\/wp-json\/wp\/v2\/posts"}],"about":[{"href":"https:\/\/primicias2262.com\/noticias\/wp-json\/wp\/v2\/types\/post"}],"author":[{"embeddable":true,"href":"https:\/\/primicias2262.com\/noticias\/wp-json\/wp\/v2\/users\/3"}],"replies":[{"embeddable":true,"href":"https:\/\/primicias2262.com\/noticias\/wp-json\/wp\/v2\/comments?post=100397"}],"version-history":[{"count":1,"href":"https:\/\/primicias2262.com\/noticias\/wp-json\/wp\/v2\/posts\/100397\/revisions"}],"predecessor-version":[{"id":100399,"href":"https:\/\/primicias2262.com\/noticias\/wp-json\/wp\/v2\/posts\/100397\/revisions\/100399"}],"wp:featuredmedia":[{"embeddable":true,"href":"https:\/\/primicias2262.com\/noticias\/wp-json\/wp\/v2\/media\/100398"}],"wp:attachment":[{"href":"https:\/\/primicias2262.com\/noticias\/wp-json\/wp\/v2\/media?parent=100397"}],"wp:term":[{"taxonomy":"category","embeddable":true,"href":"https:\/\/primicias2262.com\/noticias\/wp-json\/wp\/v2\/categories?post=100397"},{"taxonomy":"post_tag","embeddable":true,"href":"https:\/\/primicias2262.com\/noticias\/wp-json\/wp\/v2\/tags?post=100397"}],"curies":[{"name":"wp","href":"https:\/\/api.w.org\/{rel}","templated":true}]}}