{"id":100400,"date":"2023-06-24T20:06:15","date_gmt":"2023-06-24T20:06:15","guid":{"rendered":"https:\/\/primicias2262.com\/noticias\/?p=100400"},"modified":"2023-06-24T20:06:15","modified_gmt":"2023-06-24T20:06:15","slug":"yanqui-lopez-espera-se-acepte-su-lista-municipal","status":"publish","type":"post","link":"https:\/\/primicias2262.com\/noticias\/yanqui-lopez-espera-se-acepte-su-lista-municipal\/","title":{"rendered":"\u201cYanqui\u201d L\u00f3pez espera se acepte su lista municipal"},"content":{"rendered":"<p><strong>Por Jorge G\u00f3mez<\/strong><\/p>\n<p>A la espera de que sea aceptada la nominaci\u00f3n a presidente de Juan Grabois, dentro del espacio Uni\u00f3n por la Patria -que inform\u00f3 que s\u00f3lo presentar\u00e1 una lista a presidente y vice en las primarias de agosto-, en la siesta de este s\u00e1bado 24 de junio se conoci\u00f3 que la representaci\u00f3n local de aquel ya estar\u00eda puesta a consideraci\u00f3n de la Junta electoral del oficialismo nacional y provincial, con la aclaraci\u00f3n de que \u201cno estamos de acuerdo con Sergio Massa presidente \u201c, se dio a conocer.<\/p>\n<p><a href=\"https:\/\/primicias2262.com\/noticias\/wp-content\/uploads\/2023\/06\/YANQUI-Lopez.jpg\"><img loading=\"lazy\" decoding=\"async\" class=\"aligncenter size-full wp-image-100402\" src=\"https:\/\/primicias2262.com\/noticias\/wp-content\/uploads\/2023\/06\/YANQUI-Lopez.jpg\" alt=\"\" width=\"843\" height=\"491\" srcset=\"https:\/\/primicias2262.com\/noticias\/wp-content\/uploads\/2023\/06\/YANQUI-Lopez.jpg 843w, https:\/\/primicias2262.com\/noticias\/wp-content\/uploads\/2023\/06\/YANQUI-Lopez-300x175.jpg 300w, https:\/\/primicias2262.com\/noticias\/wp-content\/uploads\/2023\/06\/YANQUI-Lopez-768x447.jpg 768w, https:\/\/primicias2262.com\/noticias\/wp-content\/uploads\/2023\/06\/YANQUI-Lopez-150x87.jpg 150w, https:\/\/primicias2262.com\/noticias\/wp-content\/uploads\/2023\/06\/YANQUI-Lopez-696x405.jpg 696w\" sizes=\"auto, (max-width: 843px) 100vw, 843px\" \/><\/a><\/p>\n<p>La lista local de Grabois en Necochea confirmar\u00eda como precandidato a intendente a Daniel \u201cYanqui\u201d L\u00f3pez, bajo este detalle, al aguardo de que sea aceptada.<\/p>\n<p><strong>Intendente<\/strong><\/p>\n<p>Daniel \u201cYanqui\u201d L\u00f3pez<\/p>\n<p><strong>Concejales<\/strong><\/p>\n<p>Alejandro Andersen<\/p>\n<p>Belen Bello<\/p>\n<p>Enzo Da Canal<\/p>\n<p>Luz Ed\u00e9n<\/p>\n<p>Sebastian Serqueira<\/p>\n<p>Natalia Reynoso<\/p>\n<p>Mariano Peralta<\/p>\n<p>Ver\u00f3nica Maldonado<\/p>\n<p><strong>Consejeros escolares<\/strong><\/p>\n<p>Moroti Arocena<\/p>\n<p>Ernesto Aleman<\/p>\n<p>Luciano Lopez\u201d<\/p>\n","protected":false},"excerpt":{"rendered":"<p>Por Jorge G\u00f3mez A la espera de que sea aceptada la nominaci\u00f3n a presidente de Juan Grabois, dentro del espacio Uni\u00f3n por la Patria -que inform\u00f3 que s\u00f3lo presentar\u00e1 una lista a presidente y vice en las primarias de agosto-, en la siesta de este s\u00e1bado 24 de junio se conoci\u00f3 que la representaci\u00f3n local [&hellip;]<\/p>\n","protected":false},"author":3,"featured_media":100403,"comment_status":"open","ping_status":"open","sticky":false,"template":"","format":"standard","meta":{"footnotes":""},"categories":[5],"tags":[],"class_list":{"0":"post-100400","1":"post","2":"type-post","3":"status-publish","4":"format-standard","5":"has-post-thumbnail","7":"category-neco"},"_links":{"self":[{"href":"https:\/\/primicias2262.com\/noticias\/wp-json\/wp\/v2\/posts\/100400","targetHints":{"allow":["GET"]}}],"collection":[{"href":"https:\/\/primicias2262.com\/noticias\/wp-json\/wp\/v2\/posts"}],"about":[{"href":"https:\/\/primicias2262.com\/noticias\/wp-json\/wp\/v2\/types\/post"}],"author":[{"embeddable":true,"href":"https:\/\/primicias2262.com\/noticias\/wp-json\/wp\/v2\/users\/3"}],"replies":[{"embeddable":true,"href":"https:\/\/primicias2262.com\/noticias\/wp-json\/wp\/v2\/comments?post=100400"}],"version-history":[{"count":1,"href":"https:\/\/primicias2262.com\/noticias\/wp-json\/wp\/v2\/posts\/100400\/revisions"}],"predecessor-version":[{"id":100404,"href":"https:\/\/primicias2262.com\/noticias\/wp-json\/wp\/v2\/posts\/100400\/revisions\/100404"}],"wp:featuredmedia":[{"embeddable":true,"href":"https:\/\/primicias2262.com\/noticias\/wp-json\/wp\/v2\/media\/100403"}],"wp:attachment":[{"href":"https:\/\/primicias2262.com\/noticias\/wp-json\/wp\/v2\/media?parent=100400"}],"wp:term":[{"taxonomy":"category","embeddable":true,"href":"https:\/\/primicias2262.com\/noticias\/wp-json\/wp\/v2\/categories?post=100400"},{"taxonomy":"post_tag","embeddable":true,"href":"https:\/\/primicias2262.com\/noticias\/wp-json\/wp\/v2\/tags?post=100400"}],"curies":[{"name":"wp","href":"https:\/\/api.w.org\/{rel}","templated":true}]}}