{"id":100405,"date":"2023-06-24T20:14:41","date_gmt":"2023-06-24T20:14:41","guid":{"rendered":"https:\/\/primicias2262.com\/noticias\/?p=100405"},"modified":"2023-06-24T23:38:42","modified_gmt":"2023-06-24T23:38:42","slug":"la-act-oficializo-su-lista-para-las-paso","status":"publish","type":"post","link":"https:\/\/primicias2262.com\/noticias\/la-act-oficializo-su-lista-para-las-paso\/","title":{"rendered":"La ACT oficializ\u00f3 su lista para las PASO"},"content":{"rendered":"<p><strong>Fuente: El Ciudadano Necochea<\/strong><\/p>\n<p><strong>Arabarco, precandidato a intendente; Juan Pablo de la Hera, a concejal<\/strong><\/p>\n<p>La Agrupaci\u00f3n Comunal Transformadora anunci\u00f3 en las \u00faltimas horas la lista de precandidatos que acompa\u00f1ar\u00e1n a Juan Pedro Arabarco en las PASO del pr\u00f3ximo 13 de agosto.<\/p>\n<p>Arabarco es el precandidato a intendente de esta fuerza vecinalista que actualmente tiene representaci\u00f3n en el Concejo Deliberante con dos bancas:<br \/>\nLa lista de precandidatos a concejales de la ACT la encabeza Juan Pablo de la Hera, actual presidente del partido, siendo secundado por Estefan\u00eda G\u00f3mez y Julio C\u00e9sar Rancatti en los primeros lugares.<\/p>\n<p><strong>Finalmente, la lista completa de la ACT\u00a0 para las pr\u00f3ximas elecciones es la siguiente:<\/strong><\/p>\n<p><strong>Precandidato a intendente<\/strong><\/p>\n<p>ARABARCO, JUAN PEDRO<\/p>\n<p><strong>Precandidatos a concejales titulares<\/strong><\/p>\n<p>DE LA HERA, JUAN PABLO<\/p>\n<p>GOMEZ, IVANA ESTEFANIA<\/p>\n<p>RANCATTI, JULIO CESAR<\/p>\n<p>NICOLOSI, MARIA PAMELA<\/p>\n<p>ARRU, GUILLERMO<\/p>\n<p>ROLDAN, ROSARIO<\/p>\n<p>RODRIGUEZ, MARIO ENRIQUE)PUSTILNICK, BETTIANA ROMINA<\/p>\n<p>)GUILLAMON, MARCOS LUIS<\/p>\n<p>LORENZO, ROSA MARIA<\/p>\n<p><strong>Precandidatos a concejales suplentes<\/strong><\/p>\n<p>NASSO, MIGUEL<\/p>\n<p>MARTIRANO, MARIA DEL CARMEN<\/p>\n<p>BODEGA, MARTIN<\/p>\n<p>GAMBOA, MARIA CECILIA<\/p>\n<p>GIORGETTI, LEONARDO ESTEBAN<\/p>\n<p>SCHMIDT, GRACIELA NORMA<\/p>\n<p><strong>Precandidatos a consejeros escolares titulares<\/strong><\/p>\n<p>FORTUNATO, ANDREA MARISA<\/p>\n<p>MENARDI, HUGO CESAR<\/p>\n<p>CAMACHO, CAROLINA<\/p>\n<p><strong>Precandidatos a consejeros escolares suplentes<\/strong><\/p>\n<p>WEST, ALEJANDRO WALTER<\/p>\n<p>PERALTA, HILDA ELIZABETH<\/p>\n<p>MANZEWITSCH BUROFF, ESTEBAN<\/p>\n","protected":false},"excerpt":{"rendered":"<p>Fuente: El Ciudadano Necochea Arabarco, precandidato a intendente; Juan Pablo de la Hera, a concejal La Agrupaci\u00f3n Comunal Transformadora anunci\u00f3 en las \u00faltimas horas la lista de precandidatos que acompa\u00f1ar\u00e1n a Juan Pedro Arabarco en las PASO del pr\u00f3ximo 13 de agosto. Arabarco es el precandidato a intendente de esta fuerza vecinalista que actualmente tiene [&hellip;]<\/p>\n","protected":false},"author":3,"featured_media":100406,"comment_status":"open","ping_status":"open","sticky":false,"template":"","format":"standard","meta":{"footnotes":""},"categories":[3],"tags":[],"class_list":["post-100405","post","type-post","status-publish","format-standard","has-post-thumbnail","category-masnoticias"],"_links":{"self":[{"href":"https:\/\/primicias2262.com\/noticias\/wp-json\/wp\/v2\/posts\/100405","targetHints":{"allow":["GET"]}}],"collection":[{"href":"https:\/\/primicias2262.com\/noticias\/wp-json\/wp\/v2\/posts"}],"about":[{"href":"https:\/\/primicias2262.com\/noticias\/wp-json\/wp\/v2\/types\/post"}],"author":[{"embeddable":true,"href":"https:\/\/primicias2262.com\/noticias\/wp-json\/wp\/v2\/users\/3"}],"replies":[{"embeddable":true,"href":"https:\/\/primicias2262.com\/noticias\/wp-json\/wp\/v2\/comments?post=100405"}],"version-history":[{"count":1,"href":"https:\/\/primicias2262.com\/noticias\/wp-json\/wp\/v2\/posts\/100405\/revisions"}],"predecessor-version":[{"id":100407,"href":"https:\/\/primicias2262.com\/noticias\/wp-json\/wp\/v2\/posts\/100405\/revisions\/100407"}],"wp:featuredmedia":[{"embeddable":true,"href":"https:\/\/primicias2262.com\/noticias\/wp-json\/wp\/v2\/media\/100406"}],"wp:attachment":[{"href":"https:\/\/primicias2262.com\/noticias\/wp-json\/wp\/v2\/media?parent=100405"}],"wp:term":[{"taxonomy":"category","embeddable":true,"href":"https:\/\/primicias2262.com\/noticias\/wp-json\/wp\/v2\/categories?post=100405"},{"taxonomy":"post_tag","embeddable":true,"href":"https:\/\/primicias2262.com\/noticias\/wp-json\/wp\/v2\/tags?post=100405"}],"curies":[{"name":"wp","href":"https:\/\/api.w.org\/{rel}","templated":true}]}}