{"id":100408,"date":"2023-06-24T20:22:45","date_gmt":"2023-06-24T20:22:45","guid":{"rendered":"https:\/\/primicias2262.com\/noticias\/?p=100408"},"modified":"2023-06-24T20:22:45","modified_gmt":"2023-06-24T20:22:45","slug":"facundo-manes-anuncio-que-no-competira-en-las-paso-para-presidente","status":"publish","type":"post","link":"https:\/\/primicias2262.com\/noticias\/facundo-manes-anuncio-que-no-competira-en-las-paso-para-presidente\/","title":{"rendered":"Facundo Manes anunci\u00f3 que no competir\u00e1 en las PASO para presidente"},"content":{"rendered":"<p><b>Facundo Manes\u00a0<\/b>anunci\u00f3 este s\u00e1bado que declina su precandidatura presidencial por la Uni\u00f3n C\u00edvica Radical (UCR), a pocas horas del cierre de listas para las PASO del 13 de agosto.<\/p>\n<p>\u00abHoy los principales dirigentes de mi partido optaron por acompa\u00f1ar a las dos listas encabezadas por dirigentes del PRO.<b>\u00a0Creo en la democracia de partidos y respeto esa decisi\u00f3n\u00bb<\/b>, dijo Manes en un hilo publicado en su cuenta de Twitter.<\/p>\n<p>En ese marco, el neurocirujano indic\u00f3 que la Argentina \u00abnecesita de una pol\u00edtica moderna, que mire m\u00e1s al futuro que al pasado, que abrace a la juventud en las calles, en las universidades, en los barrios, y los siente en la mesa de decisi\u00f3n\u00bb y que<b>\u00a0\u00abpara alcanzarlo, se necesita construir una mayor\u00eda amplia que el radicalismo, un partido de centro y popular, puede aunar<\/b>. Con ese entusiasmo estuve dispuesto a dar un nuevo paso para estas elecciones\u00bb.<\/p>\n<p>\u00abEs preciso reconocer tiempos y contextos, ya que nos permiten tomar decisiones para lo inmediato y para el futuro.<b>\u00a0Vivimos \u00e9pocas demasiado dif\u00edciles<\/b>\u00a0para que la pol\u00edtica siga discutiendo sobre s\u00ed misma y fragment\u00e1ndose\u00bb, a\u00f1adi\u00f3.<\/p>\n<p>Y agreg\u00f3: \u00abPor todo esto decid\u00ed que no voy a presentar mi candidatura en estas elecciones\u00bb y expres\u00f3 un mensaje de agradecimiento: \u00abQuiero agradecer a tantas personas que me apoyaron. Y decirles a ellas y a todos que nuestra lucha y nuestros desaf\u00edos por un pa\u00eds mejor contin\u00faan.<b>\u00a0Vamos a seguir adelante\u00a0<\/b>porque el futuro depende de cada uno de nosotros y de lo que hagamos todos juntos\u00bb.<\/p>\n","protected":false},"excerpt":{"rendered":"<p>Facundo Manes\u00a0anunci\u00f3 este s\u00e1bado que declina su precandidatura presidencial por la Uni\u00f3n C\u00edvica Radical (UCR), a pocas horas del cierre de listas para las PASO del 13 de agosto. \u00abHoy los principales dirigentes de mi partido optaron por acompa\u00f1ar a las dos listas encabezadas por dirigentes del PRO.\u00a0Creo en la democracia de partidos y respeto [&hellip;]<\/p>\n","protected":false},"author":3,"featured_media":100409,"comment_status":"open","ping_status":"open","sticky":false,"template":"","format":"standard","meta":{"footnotes":""},"categories":[7],"tags":[],"class_list":{"0":"post-100408","1":"post","2":"type-post","3":"status-publish","4":"format-standard","5":"has-post-thumbnail","7":"category-nac"},"_links":{"self":[{"href":"https:\/\/primicias2262.com\/noticias\/wp-json\/wp\/v2\/posts\/100408","targetHints":{"allow":["GET"]}}],"collection":[{"href":"https:\/\/primicias2262.com\/noticias\/wp-json\/wp\/v2\/posts"}],"about":[{"href":"https:\/\/primicias2262.com\/noticias\/wp-json\/wp\/v2\/types\/post"}],"author":[{"embeddable":true,"href":"https:\/\/primicias2262.com\/noticias\/wp-json\/wp\/v2\/users\/3"}],"replies":[{"embeddable":true,"href":"https:\/\/primicias2262.com\/noticias\/wp-json\/wp\/v2\/comments?post=100408"}],"version-history":[{"count":1,"href":"https:\/\/primicias2262.com\/noticias\/wp-json\/wp\/v2\/posts\/100408\/revisions"}],"predecessor-version":[{"id":100410,"href":"https:\/\/primicias2262.com\/noticias\/wp-json\/wp\/v2\/posts\/100408\/revisions\/100410"}],"wp:featuredmedia":[{"embeddable":true,"href":"https:\/\/primicias2262.com\/noticias\/wp-json\/wp\/v2\/media\/100409"}],"wp:attachment":[{"href":"https:\/\/primicias2262.com\/noticias\/wp-json\/wp\/v2\/media?parent=100408"}],"wp:term":[{"taxonomy":"category","embeddable":true,"href":"https:\/\/primicias2262.com\/noticias\/wp-json\/wp\/v2\/categories?post=100408"},{"taxonomy":"post_tag","embeddable":true,"href":"https:\/\/primicias2262.com\/noticias\/wp-json\/wp\/v2\/tags?post=100408"}],"curies":[{"name":"wp","href":"https:\/\/api.w.org\/{rel}","templated":true}]}}