{"id":100417,"date":"2023-06-24T23:33:26","date_gmt":"2023-06-24T23:33:26","guid":{"rendered":"https:\/\/primicias2262.com\/noticias\/?p=100417"},"modified":"2023-06-26T12:07:53","modified_gmt":"2023-06-26T12:07:53","slug":"tras-la-baja-de-scioli-de-la-primaria-de-up-tampoco-participaran-ordoqui-y-los-suyos-en-necochea","status":"publish","type":"post","link":"https:\/\/primicias2262.com\/noticias\/tras-la-baja-de-scioli-de-la-primaria-de-up-tampoco-participaran-ordoqui-y-los-suyos-en-necochea\/","title":{"rendered":"Tras la baja de Scioli de la primaria\u00a0de UP, tampoco participar\u00e1n\u00a0Ordoqui y los suyos en Necochea"},"content":{"rendered":"<p><strong>Tal lo confirmado por el dirigente quequenense este s\u00e1bado 24 de junio. Su sector, enrolado en lo que fue la corriente \u201cUnidos Triunfaremos\u201d, ya retirada de la contienda interna del oficialismo nacional, no intervendr\u00e1 de las primarias de agosto venidero<\/strong><\/p>\n<p><strong>Por Jorge G\u00f3mez<\/strong><\/p>\n<p>Dado el importante giro de precandidatos a nivel nacional que se dio el viernes por la noche en el frente \u201cUni\u00f3n por la Patria\u201d -ex Frente de Todos-, con la nominaci\u00f3n a presidente y vice de Sergio Massa y Agust\u00edn Rossi, y habida cuenta la repercusi\u00f3n que se produjo simult\u00e1neamente hacia \u201cabajo\u201d de lo que fue hoy -ya verbo pasado- la corriente \u201cUnidos Triunfaremos\u201d, que postulaba hasta hace un par de jornadas atr\u00e1s como aspirante a la Presidencia al embajador argentino en Brasil y ex gobernador, Daniel Scioli, la representaci\u00f3n de este sector en Necochea que nominaba al quequenense Marcelo Ordoqui como precandidato a intendente decidi\u00f3 entre anoche viernes y este s\u00e1bado 24 de junio no tomar parte de la elecci\u00f3n primaria prevista para agosto venidero, retir\u00e1ndose de la contienda c\u00edvica de las PASO de agosto pr\u00f3ximo.<\/p>\n<p>Tal lo confirmado por el propio Ordoqui ante una consulta de este cronista, con una breve acotaci\u00f3n: \u201cSi Scioli era candidato, est\u00e1bamos con \u00e9l y con su proyecto.<\/p>\n<p>Esto no sucedi\u00f3 y nosotros, el grupo pol\u00edtico que conformamos localmente hemos decidido no participar ni aceptar invitaciones que hemos recibido para sumarnos a algunos espacios. Ya daremos a conocer nuestra postura en un comunicado oficial\u201d.<\/p>\n<p>Y sin agregar mayores conceptos a los citados por aqu\u00ed, se traduce que Marcelo Ordoqui y el resto de aquellos que lo iban a acompa\u00f1ar en la compulsa primaria de Uni\u00f3n por la Patria de agosto venidero -Rolando Rodr\u00edguez y Mar\u00eda Silvia Sosa, como primeros aspirantes a concejales, entre otros- no ser\u00e1n parte de ning\u00fan espacio pol\u00edtico en este 2023, retir\u00e1ndose del escenario electoral en curso.<\/p>\n<p>La fundamentaci\u00f3n de esta postura ser\u00eda informada en un comunicado que se habr\u00eda empezado a redactar esta noche de s\u00e1bado 24 de junio y que se conocer\u00eda entre este domingo y lunes venideros, explicando la situaci\u00f3n de la corriente y la posici\u00f3n asumida tras los sucesos electorales que se dieron en el oficialismo nacional.<\/p>\n","protected":false},"excerpt":{"rendered":"<p>Tal lo confirmado por el dirigente quequenense este s\u00e1bado 24 de junio. Su sector, enrolado en lo que fue la corriente \u201cUnidos Triunfaremos\u201d, ya retirada de la contienda interna del oficialismo nacional, no intervendr\u00e1 de las primarias de agosto venidero Por Jorge G\u00f3mez Dado el importante giro de precandidatos a nivel nacional que se dio [&hellip;]<\/p>\n","protected":false},"author":3,"featured_media":100418,"comment_status":"open","ping_status":"open","sticky":false,"template":"","format":"standard","meta":{"footnotes":""},"categories":[3],"tags":[],"class_list":["post-100417","post","type-post","status-publish","format-standard","has-post-thumbnail","category-masnoticias"],"_links":{"self":[{"href":"https:\/\/primicias2262.com\/noticias\/wp-json\/wp\/v2\/posts\/100417","targetHints":{"allow":["GET"]}}],"collection":[{"href":"https:\/\/primicias2262.com\/noticias\/wp-json\/wp\/v2\/posts"}],"about":[{"href":"https:\/\/primicias2262.com\/noticias\/wp-json\/wp\/v2\/types\/post"}],"author":[{"embeddable":true,"href":"https:\/\/primicias2262.com\/noticias\/wp-json\/wp\/v2\/users\/3"}],"replies":[{"embeddable":true,"href":"https:\/\/primicias2262.com\/noticias\/wp-json\/wp\/v2\/comments?post=100417"}],"version-history":[{"count":1,"href":"https:\/\/primicias2262.com\/noticias\/wp-json\/wp\/v2\/posts\/100417\/revisions"}],"predecessor-version":[{"id":100419,"href":"https:\/\/primicias2262.com\/noticias\/wp-json\/wp\/v2\/posts\/100417\/revisions\/100419"}],"wp:featuredmedia":[{"embeddable":true,"href":"https:\/\/primicias2262.com\/noticias\/wp-json\/wp\/v2\/media\/100418"}],"wp:attachment":[{"href":"https:\/\/primicias2262.com\/noticias\/wp-json\/wp\/v2\/media?parent=100417"}],"wp:term":[{"taxonomy":"category","embeddable":true,"href":"https:\/\/primicias2262.com\/noticias\/wp-json\/wp\/v2\/categories?post=100417"},{"taxonomy":"post_tag","embeddable":true,"href":"https:\/\/primicias2262.com\/noticias\/wp-json\/wp\/v2\/tags?post=100417"}],"curies":[{"name":"wp","href":"https:\/\/api.w.org\/{rel}","templated":true}]}}