{"id":100420,"date":"2023-06-24T23:39:18","date_gmt":"2023-06-24T23:39:18","guid":{"rendered":"https:\/\/primicias2262.com\/noticias\/?p=100420"},"modified":"2023-06-26T12:22:40","modified_gmt":"2023-06-26T12:22:40","slug":"rivero-oficializo-su-lista-y-competira-en-las-paso","status":"publish","type":"post","link":"https:\/\/primicias2262.com\/noticias\/rivero-oficializo-su-lista-y-competira-en-las-paso\/","title":{"rendered":"Rivero oficializ\u00f3 su lista y competir\u00e1 en las PASO"},"content":{"rendered":"<p><strong>Fuente: El Ciudadano Necochea<\/strong><\/p>\n<p><strong>Juli\u00e1n Kristiansen encabeza la n\u00f3mina para el Concejo Deliberante<\/strong><\/p>\n<p>Marcelo Rivero logr\u00f3 oficializar su lista para participar como precandidato a intendente dentro del frente Uni\u00f3n por la Patria.<\/p>\n<p>El presidente del Partido Justicialista de Necochea lleva como primer precandidato a concejal al odont\u00f3logo Juli\u00e1n Kristiansen, representante del Partido de la Cultura, la Educaci\u00f3n y el Trabajo (CET), vinculado a Hugo Moyano.<\/p>\n<p>La lista de precandidatos a consejeros escolares es encabezada por Walter Rens.<\/p>\n<p>Detr\u00e1s de Kristiansen, se ubican en la lista para concejales Evangelina Almada, Daniel Argibay,\u00a0 Andrea Fabiana Silva, Facundo Rodr\u00edguez, Lucrecia Rivero, Blas Aitor Herrera, Agustina Iglesias, Miguel Angel Merlo y Sabrina Ayel\u00e9n Romanni.<\/p>\n<p>Rivero se encarg\u00f3 personalmente de ultimar los detalles de la presentaci\u00f3n, acompa\u00f1ado de Juli\u00e1n Kristiansen y otros colaboradores, como as\u00ed de su hija, la joven abogada Paloma Rivero, quien tom\u00f3 la fotograf\u00eda que ilustra este texto.<\/p>\n","protected":false},"excerpt":{"rendered":"<p>Fuente: El Ciudadano Necochea Juli\u00e1n Kristiansen encabeza la n\u00f3mina para el Concejo Deliberante Marcelo Rivero logr\u00f3 oficializar su lista para participar como precandidato a intendente dentro del frente Uni\u00f3n por la Patria. El presidente del Partido Justicialista de Necochea lleva como primer precandidato a concejal al odont\u00f3logo Juli\u00e1n Kristiansen, representante del Partido de la Cultura, [&hellip;]<\/p>\n","protected":false},"author":3,"featured_media":100421,"comment_status":"open","ping_status":"open","sticky":false,"template":"","format":"standard","meta":{"footnotes":""},"categories":[3],"tags":[],"class_list":["post-100420","post","type-post","status-publish","format-standard","has-post-thumbnail","category-masnoticias"],"_links":{"self":[{"href":"https:\/\/primicias2262.com\/noticias\/wp-json\/wp\/v2\/posts\/100420","targetHints":{"allow":["GET"]}}],"collection":[{"href":"https:\/\/primicias2262.com\/noticias\/wp-json\/wp\/v2\/posts"}],"about":[{"href":"https:\/\/primicias2262.com\/noticias\/wp-json\/wp\/v2\/types\/post"}],"author":[{"embeddable":true,"href":"https:\/\/primicias2262.com\/noticias\/wp-json\/wp\/v2\/users\/3"}],"replies":[{"embeddable":true,"href":"https:\/\/primicias2262.com\/noticias\/wp-json\/wp\/v2\/comments?post=100420"}],"version-history":[{"count":1,"href":"https:\/\/primicias2262.com\/noticias\/wp-json\/wp\/v2\/posts\/100420\/revisions"}],"predecessor-version":[{"id":100422,"href":"https:\/\/primicias2262.com\/noticias\/wp-json\/wp\/v2\/posts\/100420\/revisions\/100422"}],"wp:featuredmedia":[{"embeddable":true,"href":"https:\/\/primicias2262.com\/noticias\/wp-json\/wp\/v2\/media\/100421"}],"wp:attachment":[{"href":"https:\/\/primicias2262.com\/noticias\/wp-json\/wp\/v2\/media?parent=100420"}],"wp:term":[{"taxonomy":"category","embeddable":true,"href":"https:\/\/primicias2262.com\/noticias\/wp-json\/wp\/v2\/categories?post=100420"},{"taxonomy":"post_tag","embeddable":true,"href":"https:\/\/primicias2262.com\/noticias\/wp-json\/wp\/v2\/tags?post=100420"}],"curies":[{"name":"wp","href":"https:\/\/api.w.org\/{rel}","templated":true}]}}