{"id":100436,"date":"2023-06-26T12:03:07","date_gmt":"2023-06-26T12:03:07","guid":{"rendered":"https:\/\/primicias2262.com\/noticias\/?p=100436"},"modified":"2023-06-27T12:49:23","modified_gmt":"2023-06-27T12:49:23","slug":"trece-precandidatos-a-intendente-para-las-paso-de-agosto","status":"publish","type":"post","link":"https:\/\/primicias2262.com\/noticias\/trece-precandidatos-a-intendente-para-las-paso-de-agosto\/","title":{"rendered":"Trece precandidatos a intendente para las PASO de agosto"},"content":{"rendered":"<div id=\"mvp-content-main\" class=\"left relative\">\n<p>Son 13 las personas que se inscribieron para competir en las pr\u00f3ximas PASO como precandidatos a intendente. Hay que tener en cuenta que tras la inscripci\u00f3n, las juntas electorales de cada frente revisan la documentaci\u00f3n y luego confirman las que queden autorizadas. Por lo cual es posible que algunas listas que se hayan inscrito finalmente no participen.<\/p>\n<p>Quienes se inscribieron hasta el momento son:<\/p>\n<p><strong>Nueva Necochea:\u00a0<\/strong><\/p>\n<p>Candidato a intendente Arturo Rojas<\/p>\n<p>Candidato a\u00a0 primer concejal: Guillermo S\u00e1nchez.<\/p>\n<p>***<\/p>\n<p><strong>Agrupaci\u00f3n Comunal Transformadora:\u00a0<\/strong><\/p>\n<p>Candidato a intendente: Juan Pedro Arabarco<\/p>\n<p>Candidato a primer concejal: Juan Pablo de la Hera<\/p>\n<p>***<\/p>\n<p><strong>Juntos por el Cambio<\/strong><\/p>\n<p>Boleta 1: Con Horacio Rodr\u00edguez Larreta<\/p>\n<p>Candidato a intendente: Mart\u00edn Migueles<\/p>\n<p>Candidato a primer concejal: Rodrigo Irigoyen<\/p>\n<p>&nbsp;<\/p>\n<p>Boleta 2. Con Horacio Rodr\u00edguez Larreta<\/p>\n<p>Candidato a intendente: Maximiliano Delfino<\/p>\n<p>Candidato a concejal: Javier Salas<\/p>\n<p>&nbsp;<\/p>\n<p>Boleta 3: Con Patricia Bullrich<\/p>\n<p>Candidata a intendenta: Eugenia Vallota<\/p>\n<p>Candidato a concejal: Mat\u00edas Ferrazzini<\/p>\n<p>&nbsp;<\/p>\n<p>Boleta 4. Con Patricia Bullrich<\/p>\n<p>Candidato a intendente: Dami\u00e1n Unibaso<\/p>\n<p>Candidata a concejal: Carola Bertoldi<\/p>\n<p>***<\/p>\n<p><strong>Uni\u00f3n por la Patria<\/strong><\/p>\n<p>Boleta 1<\/p>\n<p>Candidato a intendente: Marcelo Rivero<\/p>\n<p>Candidato a concejal. Julian Kristiansen<\/p>\n<p>Boleta 2<\/p>\n<p>Candidato a intendente: Mauro Vel\u00e1zquez<\/p>\n<p>Candidato a primer concejal: Julio Zapata<\/p>\n<p>Boleta 3:<\/p>\n<p>Candidato a intendente. Daniel \u00abYanqui\u00bb L\u00f3pez<\/p>\n<p>candidato a concejal: Alejandro Andersen<\/p>\n<p>***<\/p>\n<p><strong>Libertad Avanza<\/strong><\/p>\n<p>Candidato a Intendente: Pablo Nosek<\/p>\n<p>Candidato a\u00a0 primer Concejal: Mariano Valiante<\/p>\n<p>***<\/p>\n<p><strong>Hacemos por nuestro pa\u00eds<\/strong><\/p>\n<p>Candidato a intendente : Mart\u00edn Salcedo<\/p>\n<p>Candidato a primer concejal: Daniel Salvucci<\/p>\n<p>***<\/p>\n<p><strong>Frente de Izquierda Unidad<\/strong><\/p>\n<p>Boleta 1 con Myriam Bregman y Nicol\u00e1s del Ca\u00f1o<\/p>\n<p>Candidata intendente: Luciana nogueira<\/p>\n<p>Candidato a concejal: Nicolas Pe\u00f1a<\/p>\n<p>Boleta 2 con Gabriel Solano y Vilma Ripoll<\/p>\n<p>Candidata a intendente : Silvana Andrada<\/p>\n<p>Candidato a concejal: Sergio Molina<\/p>\n<p>En los frentes donde hay m\u00e1s de una boleta competir\u00e1n entre s\u00ed para determinar qui\u00e9n ser\u00e1 el candidato a intendente y como se conforma la n\u00f3mina de concejales. A su vez en todos los casos para llegar a las elecciones generales cada frente deber\u00e1 superar el 1.5% de los votos v\u00e1lidos.<\/p>\n<p><strong>Fuente: Alerta Alejandro<\/strong><\/p>\n<\/div>\n","protected":false},"excerpt":{"rendered":"<p>Son 13 las personas que se inscribieron para competir en las pr\u00f3ximas PASO como precandidatos a intendente. Hay que tener en cuenta que tras la inscripci\u00f3n, las juntas electorales de cada frente revisan la documentaci\u00f3n y luego confirman las que queden autorizadas. Por lo cual es posible que algunas listas que se hayan inscrito finalmente [&hellip;]<\/p>\n","protected":false},"author":3,"featured_media":100437,"comment_status":"open","ping_status":"open","sticky":false,"template":"","format":"standard","meta":{"footnotes":""},"categories":[3],"tags":[],"class_list":["post-100436","post","type-post","status-publish","format-standard","has-post-thumbnail","category-masnoticias"],"_links":{"self":[{"href":"https:\/\/primicias2262.com\/noticias\/wp-json\/wp\/v2\/posts\/100436","targetHints":{"allow":["GET"]}}],"collection":[{"href":"https:\/\/primicias2262.com\/noticias\/wp-json\/wp\/v2\/posts"}],"about":[{"href":"https:\/\/primicias2262.com\/noticias\/wp-json\/wp\/v2\/types\/post"}],"author":[{"embeddable":true,"href":"https:\/\/primicias2262.com\/noticias\/wp-json\/wp\/v2\/users\/3"}],"replies":[{"embeddable":true,"href":"https:\/\/primicias2262.com\/noticias\/wp-json\/wp\/v2\/comments?post=100436"}],"version-history":[{"count":4,"href":"https:\/\/primicias2262.com\/noticias\/wp-json\/wp\/v2\/posts\/100436\/revisions"}],"predecessor-version":[{"id":100464,"href":"https:\/\/primicias2262.com\/noticias\/wp-json\/wp\/v2\/posts\/100436\/revisions\/100464"}],"wp:featuredmedia":[{"embeddable":true,"href":"https:\/\/primicias2262.com\/noticias\/wp-json\/wp\/v2\/media\/100437"}],"wp:attachment":[{"href":"https:\/\/primicias2262.com\/noticias\/wp-json\/wp\/v2\/media?parent=100436"}],"wp:term":[{"taxonomy":"category","embeddable":true,"href":"https:\/\/primicias2262.com\/noticias\/wp-json\/wp\/v2\/categories?post=100436"},{"taxonomy":"post_tag","embeddable":true,"href":"https:\/\/primicias2262.com\/noticias\/wp-json\/wp\/v2\/tags?post=100436"}],"curies":[{"name":"wp","href":"https:\/\/api.w.org\/{rel}","templated":true}]}}