{"id":100446,"date":"2023-06-26T12:22:33","date_gmt":"2023-06-26T12:22:33","guid":{"rendered":"https:\/\/primicias2262.com\/noticias\/?p=100446"},"modified":"2023-06-27T17:05:24","modified_gmt":"2023-06-27T17:05:24","slug":"martin-dominguez-yelpo-tras-otro-mandato-como-diputado-provincial","status":"publish","type":"post","link":"https:\/\/primicias2262.com\/noticias\/martin-dominguez-yelpo-tras-otro-mandato-como-diputado-provincial\/","title":{"rendered":"Mart\u00edn Dom\u00ednguez Yelpo tras otro mandato como diputado provincial"},"content":{"rendered":"<p><strong>Ser\u00e1 el quinto precandidato a legislador por la Quinta Secci\u00f3n Electoral en la lista de Juntos que propone a Diego Santilli-Gustavo Posse como aspirantes a la Gobernaci\u00f3n y Vice gobernaci\u00f3n de la Provincia de Buenos Aires<\/strong><\/p>\n<p><strong>Por Jorge G\u00f3mez\u00a0\u00a0<\/strong><\/p>\n<p>El actual diputado provincial por la Quinta Secci\u00f3n Electoral, el necochense Mart\u00edn Dom\u00ednguez Yelpo, buscar\u00e1 ser reelecto este 2023 al integrar una de las listas de Juntos de esta Secci\u00f3n, ocupando el quinto lugar de los precandidatos a la Legislatura que competir\u00e1 en la primaria del sector convocada, en el marco de las PASO, para el domingo 13 de agosto.<\/p>\n<p>El dirigente local est\u00e1 enrolado en la corriente de Gustavo Posse, precandidato a vicegobernador de la Provincia de Buenos Aires y compa\u00f1ero de f\u00f3rmula del aspirante a la Gobernaci\u00f3n bonaerense, Diego Santilli.<\/p>\n<p>La firma de su nueva nominaci\u00f3n se produjo en la noche de este s\u00e1bado 24 de junio, tom\u00e1ndose las fotos de ocasi\u00f3n junto al propio Santilli.<\/p>\n<p>Dom\u00ednguez Yelpo est\u00e1 cumpliendo su segundo mandato como diputado provincial. Previamente hab\u00eda sido concejal titular en Necochea.<\/p>\n","protected":false},"excerpt":{"rendered":"<p>Ser\u00e1 el quinto precandidato a legislador por la Quinta Secci\u00f3n Electoral en la lista de Juntos que propone a Diego Santilli-Gustavo Posse como aspirantes a la Gobernaci\u00f3n y Vice gobernaci\u00f3n de la Provincia de Buenos Aires Por Jorge G\u00f3mez\u00a0\u00a0 El actual diputado provincial por la Quinta Secci\u00f3n Electoral, el necochense Mart\u00edn Dom\u00ednguez Yelpo, buscar\u00e1 ser [&hellip;]<\/p>\n","protected":false},"author":3,"featured_media":100447,"comment_status":"open","ping_status":"open","sticky":false,"template":"","format":"standard","meta":{"footnotes":""},"categories":[3],"tags":[],"class_list":["post-100446","post","type-post","status-publish","format-standard","has-post-thumbnail","category-masnoticias"],"_links":{"self":[{"href":"https:\/\/primicias2262.com\/noticias\/wp-json\/wp\/v2\/posts\/100446","targetHints":{"allow":["GET"]}}],"collection":[{"href":"https:\/\/primicias2262.com\/noticias\/wp-json\/wp\/v2\/posts"}],"about":[{"href":"https:\/\/primicias2262.com\/noticias\/wp-json\/wp\/v2\/types\/post"}],"author":[{"embeddable":true,"href":"https:\/\/primicias2262.com\/noticias\/wp-json\/wp\/v2\/users\/3"}],"replies":[{"embeddable":true,"href":"https:\/\/primicias2262.com\/noticias\/wp-json\/wp\/v2\/comments?post=100446"}],"version-history":[{"count":1,"href":"https:\/\/primicias2262.com\/noticias\/wp-json\/wp\/v2\/posts\/100446\/revisions"}],"predecessor-version":[{"id":100448,"href":"https:\/\/primicias2262.com\/noticias\/wp-json\/wp\/v2\/posts\/100446\/revisions\/100448"}],"wp:featuredmedia":[{"embeddable":true,"href":"https:\/\/primicias2262.com\/noticias\/wp-json\/wp\/v2\/media\/100447"}],"wp:attachment":[{"href":"https:\/\/primicias2262.com\/noticias\/wp-json\/wp\/v2\/media?parent=100446"}],"wp:term":[{"taxonomy":"category","embeddable":true,"href":"https:\/\/primicias2262.com\/noticias\/wp-json\/wp\/v2\/categories?post=100446"},{"taxonomy":"post_tag","embeddable":true,"href":"https:\/\/primicias2262.com\/noticias\/wp-json\/wp\/v2\/tags?post=100446"}],"curies":[{"name":"wp","href":"https:\/\/api.w.org\/{rel}","templated":true}]}}