{"id":100449,"date":"2023-06-26T12:29:33","date_gmt":"2023-06-26T12:29:33","guid":{"rendered":"https:\/\/primicias2262.com\/noticias\/?p=100449"},"modified":"2023-06-26T12:29:33","modified_gmt":"2023-06-26T12:29:33","slug":"jimena-lopez-candidata-a-diputada-provincial","status":"publish","type":"post","link":"https:\/\/primicias2262.com\/noticias\/jimena-lopez-candidata-a-diputada-provincial\/","title":{"rendered":"Jimena L\u00f3pez candidata a diputada provincial"},"content":{"rendered":"<div class=\"mvp-post-soc-in\">\n<div id=\"mvp-content-body\" class=\"left relative\">\n<div id=\"mvp-content-body-top\" class=\"left relative\">\n<div id=\"mvp-content-main\" class=\"left relative\">\n<p><strong>Fuente: Alerta Alejandro<\/strong><\/p>\n<p><strong>Ocupar\u00e1 el sexto lugar en la boleta de Uni\u00f3n por la Patria por la quinta secci\u00f3n electoral bonaerense.<\/strong><\/p>\n<p>Jimena cont\u00f3 que \u201ccon enorme orgullo, felicidad y compromiso firme mi precandidatura a Diputada Provincial por la quinta secci\u00f3n electoral\u201d.<\/p>\n<p>Luego asegur\u00f3 que \u201ces un gran desaf\u00edo el que tenemos por delante, pero estoy convencida de que es momento de redoblar esfuerzos y de seguir construyendo una provincia de Buenos Aires equitativa, igualitaria y con oportunidades para todos y todas.<\/p>\n<p>Afirm\u00f3 que \u201d Como hasta ahora, junto a Axel Kicillof en la Provincia y Sergio Massa en la Naci\u00f3n, seguiremos trabajando incansablemente por la patria, la unidad, la democracia y por los y las bonaerenses.<\/p>\n<p>Ya sobre el final se refiri\u00f3 a nuestra ciudad cuando se\u00f1al\u00f3 que \u201cun apartado especial para las y los vecinos de mi querida Necochea; quiero que sepan que codo a codo con Mauro Vel\u00e1zquez, precandidato a intendente por la ciudad, vamos a recorrer cada rinc\u00f3n del partido, conocer sus demandas ser\u00e1 siempre nuestro punto de partida en la construcci\u00f3n de pol\u00edticas p\u00fablicas que contribuyan al desarrollo local\u201d.<\/p>\n<\/div>\n<\/div>\n<\/div>\n<\/div>\n","protected":false},"excerpt":{"rendered":"<p>Fuente: Alerta Alejandro Ocupar\u00e1 el sexto lugar en la boleta de Uni\u00f3n por la Patria por la quinta secci\u00f3n electoral bonaerense. Jimena cont\u00f3 que \u201ccon enorme orgullo, felicidad y compromiso firme mi precandidatura a Diputada Provincial por la quinta secci\u00f3n electoral\u201d. Luego asegur\u00f3 que \u201ces un gran desaf\u00edo el que tenemos por delante, pero estoy [&hellip;]<\/p>\n","protected":false},"author":3,"featured_media":100453,"comment_status":"open","ping_status":"open","sticky":false,"template":"","format":"standard","meta":{"footnotes":""},"categories":[3],"tags":[],"class_list":["post-100449","post","type-post","status-publish","format-standard","has-post-thumbnail","category-masnoticias"],"_links":{"self":[{"href":"https:\/\/primicias2262.com\/noticias\/wp-json\/wp\/v2\/posts\/100449","targetHints":{"allow":["GET"]}}],"collection":[{"href":"https:\/\/primicias2262.com\/noticias\/wp-json\/wp\/v2\/posts"}],"about":[{"href":"https:\/\/primicias2262.com\/noticias\/wp-json\/wp\/v2\/types\/post"}],"author":[{"embeddable":true,"href":"https:\/\/primicias2262.com\/noticias\/wp-json\/wp\/v2\/users\/3"}],"replies":[{"embeddable":true,"href":"https:\/\/primicias2262.com\/noticias\/wp-json\/wp\/v2\/comments?post=100449"}],"version-history":[{"count":1,"href":"https:\/\/primicias2262.com\/noticias\/wp-json\/wp\/v2\/posts\/100449\/revisions"}],"predecessor-version":[{"id":100454,"href":"https:\/\/primicias2262.com\/noticias\/wp-json\/wp\/v2\/posts\/100449\/revisions\/100454"}],"wp:featuredmedia":[{"embeddable":true,"href":"https:\/\/primicias2262.com\/noticias\/wp-json\/wp\/v2\/media\/100453"}],"wp:attachment":[{"href":"https:\/\/primicias2262.com\/noticias\/wp-json\/wp\/v2\/media?parent=100449"}],"wp:term":[{"taxonomy":"category","embeddable":true,"href":"https:\/\/primicias2262.com\/noticias\/wp-json\/wp\/v2\/categories?post=100449"},{"taxonomy":"post_tag","embeddable":true,"href":"https:\/\/primicias2262.com\/noticias\/wp-json\/wp\/v2\/tags?post=100449"}],"curies":[{"name":"wp","href":"https:\/\/api.w.org\/{rel}","templated":true}]}}