{"id":100458,"date":"2023-06-26T13:21:55","date_gmt":"2023-06-26T13:21:55","guid":{"rendered":"https:\/\/primicias2262.com\/noticias\/?p=100458"},"modified":"2023-06-26T13:21:55","modified_gmt":"2023-06-26T13:21:55","slug":"vallota-alineada-con-bullrich-es-precandidata","status":"publish","type":"post","link":"https:\/\/primicias2262.com\/noticias\/vallota-alineada-con-bullrich-es-precandidata\/","title":{"rendered":"Vallota, alineada con Bullrich, es precandidata"},"content":{"rendered":"<p><strong>Fuente: El Ciudadano Necochea<\/strong><\/p>\n<p><strong>Mat\u00edas Ferrazzini y Marcela Fern\u00e1ndez Palma encabezan lista para concejales<\/strong><\/p>\n<p>Eugenia Vallota qued\u00f3 oficializada como precandidata a intendente por el PRO en Juntos, alineada con Patricia Bullrich para la Presidencia de la Naci\u00f3n y con N\u00e9stor Grindetti para la gobernaci\u00f3n bonaerense.<\/p>\n<p>Mat\u00edas Ferrazzini y Marcela Fern\u00e1ndez Palma encabezan las lista de precandidatos a concejales, en tanto que la docente Patricia Piedra ocupa el primer lugar en la lista para consejeros escolares.<\/p>\n<p>Dentro del PRO, en consecuencia, habr\u00e1 tres precandidatos: Vallota, Mart\u00edn Migueles y Maximiliano Delfino..<\/p>\n<p>Migueles en alianza con el radical Gonzalo Diez, quien coloc\u00f3 los dos primeros precandidatos a concejales.\u00a0 Migueles apoya a Horacio Rodr\u00edguez Larreta para la Naci\u00f3n y a Diego Santilli para la Provincia.<\/p>\n<p>Delfino es respaldado por Gustavo Posse, \u00b4radical que es compa\u00f1ero de f\u00f3rmula de Santilli en la Provincia. Y apoyan a Rodr\u00edguez Larreta para la Naci\u00f3n.<\/p>\n<p><strong>Finalmente Hern\u00e1n Trigo Guti\u00e9rrez, que apoyando a Bullrich pugnaba por ser precandidato a intendente, no participar\u00e1 de las PASO como tal. Y tampoco se integr\u00f3 a la lista de Valllota. Qued\u00f3 al margen.<\/strong><\/p>\n<p>Mar\u00eda Eugenia Vallota ha estado en sinton\u00eda pol\u00edtica desde hace largo tiempo con Cristian Ritondo, quien en principio pretendi\u00f3 ser precandidato a gobernador, pero luego desisti\u00f3 y acord\u00f3 encabezar la lista para diputados nacionales por la Provincia de Buenos Aires, acompa\u00f1ando a Bullrich y Grindetti.<\/p>\n<p>Su fuerte apoyo a la dirigente necochense habr\u00eda sido vital para que finalmente Eugenia Vallota lograra ser la elegida para ser la precandidata a intendente.<\/p>\n<p>La lista completa es la siguiente:<\/p>\n<p><strong>Precandidata a intendente:<\/strong> Mar\u00eda Eugenia Vallota<\/p>\n<p><strong>Precandidatos a concejales titulares<\/strong><\/p>\n<p>1 Mat\u00edas Gabriel Ferrazzini<\/p>\n<p>2 Marcela Fern\u00e1ndez Palma<\/p>\n<p>3 Carlos Mat\u00edas Correa<\/p>\n<p>4 Mar\u00eda Carolina Cerfoglio<\/p>\n<p>5 Luis Ezequiel\u00a0 Guzm\u00e1n<\/p>\n<p>6 Marianela Moscardi<\/p>\n<p>7 Esteban Ezequiel Cozzi<\/p>\n<p>8 Andrea Fabiana Alga\u00f1araz<\/p>\n<p>9 Eduardo Alberto Costa<\/p>\n<p>10 Gabriela Andrea Ca\u00f1amares<\/p>\n<p><strong>Precandidatos a concejales suplentes<\/strong><\/p>\n<p>1 Gabriela Andrea Laffargue<\/p>\n<p>2 V\u00edctor Javier Leo<\/p>\n<p>3 Liliana Graciela Robledo<\/p>\n<p>4 Erico Leonardo Sydall<\/p>\n<p>5 Alicia Carmen Garc\u00eda<\/p>\n<p>6 Gustavo Joaqu\u00edn Martiarena<\/p>\n<p><strong>Precandidatos a consejeros escolares titulares<\/strong><\/p>\n<p>1 Patricia Alejandra Piedra<\/p>\n<p>2 Aldo Javier Mart\u00ednez Hutter<\/p>\n<p>3 Sonia Rosa Balcarce<\/p>\n<p><strong>Precandidatos a consejeros escolares suplentes<\/strong><\/p>\n<p>1 Andrea Soledad Gonz\u00e1lez<\/p>\n<p>2 Mat\u00edas Gigena<\/p>\n<p>3 Alicia Beatriz Difonzo<\/p>\n","protected":false},"excerpt":{"rendered":"<p>Fuente: El Ciudadano Necochea Mat\u00edas Ferrazzini y Marcela Fern\u00e1ndez Palma encabezan lista para concejales Eugenia Vallota qued\u00f3 oficializada como precandidata a intendente por el PRO en Juntos, alineada con Patricia Bullrich para la Presidencia de la Naci\u00f3n y con N\u00e9stor Grindetti para la gobernaci\u00f3n bonaerense. Mat\u00edas Ferrazzini y Marcela Fern\u00e1ndez Palma encabezan las lista de [&hellip;]<\/p>\n","protected":false},"author":3,"featured_media":100459,"comment_status":"open","ping_status":"open","sticky":false,"template":"","format":"standard","meta":{"footnotes":""},"categories":[3],"tags":[],"class_list":["post-100458","post","type-post","status-publish","format-standard","has-post-thumbnail","category-masnoticias"],"_links":{"self":[{"href":"https:\/\/primicias2262.com\/noticias\/wp-json\/wp\/v2\/posts\/100458","targetHints":{"allow":["GET"]}}],"collection":[{"href":"https:\/\/primicias2262.com\/noticias\/wp-json\/wp\/v2\/posts"}],"about":[{"href":"https:\/\/primicias2262.com\/noticias\/wp-json\/wp\/v2\/types\/post"}],"author":[{"embeddable":true,"href":"https:\/\/primicias2262.com\/noticias\/wp-json\/wp\/v2\/users\/3"}],"replies":[{"embeddable":true,"href":"https:\/\/primicias2262.com\/noticias\/wp-json\/wp\/v2\/comments?post=100458"}],"version-history":[{"count":1,"href":"https:\/\/primicias2262.com\/noticias\/wp-json\/wp\/v2\/posts\/100458\/revisions"}],"predecessor-version":[{"id":100460,"href":"https:\/\/primicias2262.com\/noticias\/wp-json\/wp\/v2\/posts\/100458\/revisions\/100460"}],"wp:featuredmedia":[{"embeddable":true,"href":"https:\/\/primicias2262.com\/noticias\/wp-json\/wp\/v2\/media\/100459"}],"wp:attachment":[{"href":"https:\/\/primicias2262.com\/noticias\/wp-json\/wp\/v2\/media?parent=100458"}],"wp:term":[{"taxonomy":"category","embeddable":true,"href":"https:\/\/primicias2262.com\/noticias\/wp-json\/wp\/v2\/categories?post=100458"},{"taxonomy":"post_tag","embeddable":true,"href":"https:\/\/primicias2262.com\/noticias\/wp-json\/wp\/v2\/tags?post=100458"}],"curies":[{"name":"wp","href":"https:\/\/api.w.org\/{rel}","templated":true}]}}