{"id":100472,"date":"2023-06-27T12:36:42","date_gmt":"2023-06-27T12:36:42","guid":{"rendered":"https:\/\/primicias2262.com\/noticias\/?p=100472"},"modified":"2023-06-28T17:10:51","modified_gmt":"2023-06-28T17:10:51","slug":"en-2019-fuimos-la-lista-de-la-gente-hoy-podemos-decir-que-somos-el-equipo-de-la-gente","status":"publish","type":"post","link":"https:\/\/primicias2262.com\/noticias\/en-2019-fuimos-la-lista-de-la-gente-hoy-podemos-decir-que-somos-el-equipo-de-la-gente\/","title":{"rendered":"\u201cEn 2019 fuimos la lista de la gente, hoy podemos decir que somos el equipo de la gente\u201d"},"content":{"rendered":"<p><strong>As\u00ed lo afirm\u00f3 la concejal de Nueva Necochea, Gabriela Espinosa, quien acompa\u00f1ada de su colega en el HCD, Sergio Nicol\u00e1s, pasaron por los estudios de \u201cVoces de la Ciudad\u201d y argumentaron por qu\u00e9 los vecinos deber\u00edan elegir nuevamente a Arturo Rojas como intendente hasta 2027. Adem\u00e1s, Espinosa pidi\u00f3 a los vecinos que acompa\u00f1en a la presentaci\u00f3n de la lista de Nueva Necochea, el venidero s\u00e1bado 1\u00ba de julio a las 18 en el Centro Vasco.<\/strong><\/p>\n<p>En di\u00e1logo con el periodista Jorge G\u00f3mez surgi\u00f3 el disparador de por qu\u00e9 la comunidad de Necochea deber\u00eda elegir nuevamente a Rojas como m\u00e1ximo mandatario del distrito, y en ese aspecto Espinosa recogi\u00f3 el guante primeramente afirmando que \u201chablar de Rojas es hablar de buena gesti\u00f3n, no solo hoy como intendente, sino que lo vivimos y lo pudimos ver durante su \u00e9poca en el Consorcio de Gesti\u00f3n de Puerto Quequ\u00e9n, Arturo en gesti\u00f3n tiene que ver con la posibilidad de generar una transformaci\u00f3n\u201d.<\/p>\n<p>Siguiendo esa t\u00f3nica, la edil que busca renovar su banca y figura como cuarta concejal en la lista oficialista asegur\u00f3 que \u201cnosotros en 2019 fuimos la lista de la gente, hoy podemos decir que somos el equipo de la gente, y todo equipo tiene un l\u00edder, un cerebro y una cabeza que hace que el resto de los miembros se coordinen, y hoy Arturo Rojas es ese l\u00edder, sin\u00f3nimo de buena gesti\u00f3n, confianza en la gente y alguien que te brinda libertad para trabajar en equipo\u201d.<\/p>\n<p>En referencia a esto \u00faltimo, Espinosa cont\u00f3 que \u201csiempre rescato una frase que (Arturo) nos dijo hace alg\u00fan tiempo atr\u00e1s en una reuni\u00f3n que tuvimos: No me vengan a decir lo que est\u00e1 bien, cu\u00e9ntenme siempre lo que ven que no est\u00e1 bien, y eso es fundamental\u201d.<\/p>\n<p>En la misma l\u00ednea, Nicol\u00e1s -quien aparece s\u00e9ptimo en la flamante lista-, pronunci\u00f3 que \u201cnos sentimos respaldados por el liderazgo de Arturo, la fuerza que tiene es contagiosa y sabemos que estamos trabajando en un equipo que durante casi cuatro a\u00f1os de gobierno ha logrado acomodar las cuentas del municipio y ha logrado un cambio importante, y te lo dicen los mismos vecinos, y es muy importante saber que contamos con las fuerzas necesarias para afrontar los desaf\u00edos que van a venir en los pr\u00f3ximos cuatro a\u00f1os\u201d.<\/p>\n<p><a href=\"https:\/\/primicias2262.com\/noticias\/wp-content\/uploads\/2023\/06\/sergio-nicolas.jpeg\"><img loading=\"lazy\" decoding=\"async\" class=\"aligncenter size-full wp-image-100475\" src=\"https:\/\/primicias2262.com\/noticias\/wp-content\/uploads\/2023\/06\/sergio-nicolas.jpeg\" alt=\"\" width=\"1024\" height=\"768\" srcset=\"https:\/\/primicias2262.com\/noticias\/wp-content\/uploads\/2023\/06\/sergio-nicolas.jpeg 1024w, https:\/\/primicias2262.com\/noticias\/wp-content\/uploads\/2023\/06\/sergio-nicolas-300x225.jpeg 300w, https:\/\/primicias2262.com\/noticias\/wp-content\/uploads\/2023\/06\/sergio-nicolas-768x576.jpeg 768w, https:\/\/primicias2262.com\/noticias\/wp-content\/uploads\/2023\/06\/sergio-nicolas-150x113.jpeg 150w, https:\/\/primicias2262.com\/noticias\/wp-content\/uploads\/2023\/06\/sergio-nicolas-696x522.jpeg 696w\" sizes=\"auto, (max-width: 1024px) 100vw, 1024px\" \/><\/a>Ponderando al equipo por sobre las figuras personales -am\u00e9n del reconocimiento del liderazgo de Rojas-, el actual concejal dej\u00f3 en claro que \u201cno tenemos patrones, pero s\u00ed tenemos una responsabilidad y compromiso con la gente, que en 2019 nos eligi\u00f3 para ocupar estos lugares. Es a los vecinos a quien estamos d\u00e1ndole las respuestas, el vecino generalmente te pide por lo que le pasa en su cuadra, y es fundamental decirle la verdad\u201d.<\/p>\n<p>En cuanto al trabajo en el Concejo, Espinosa traz\u00f3 un paralelismo con el Ejecutivo enfocado en el trabajo en conjunto, al definir que \u201clas puertas de nuestro bloque est\u00e1n abiertas y ah\u00ed tambi\u00e9n se ve la potencialidad de equipo. El trabajo en el Concejo desde nuestro espacio tiene que ver con la posibilidad de generar una pol\u00edtica limpia, una pol\u00edtica del consenso y m\u00e1s humanizada, y no un Concejo Deliberante duro donde se vean agravios o la falta de respeto\u201d.<\/p>\n<p>En tal sentido, concluy\u00f3 que \u201csi bien cada espacio tenemos diferentes posturas, desde nuestro espacio hemos podido estar a la altura de la circunstancias y dar respuesta de manera responsable en el sentido del respeto hacia el otro, y es lo que te pide permanentemente el vecino en la calle, porque la gente ya est\u00e1 cansada de la pol\u00edtica ortodoxa de a\u00f1os atr\u00e1s, que no era tan efectiva como esta\u201d.<\/p>\n<p>El venidero s\u00e1bado 1\u00ba de julio a partir de las 18 ser\u00e1 la presentaci\u00f3n oficial de la lista de Nueva Necochea en el SUM del Centro Vasco, en 58 entre 65 y 67, y al respecto Espinosa desliz\u00f3 que \u201cqueremos pedirle al vecino que nos acompa\u00f1e, tenemos al mejor intendente de los \u00faltimos tiempos, pero solos no podemos, y tener al vecino cerca para nosotros es muy importante\u201d.<\/p>\n","protected":false},"excerpt":{"rendered":"<p>As\u00ed lo afirm\u00f3 la concejal de Nueva Necochea, Gabriela Espinosa, quien acompa\u00f1ada de su colega en el HCD, Sergio Nicol\u00e1s, pasaron por los estudios de \u201cVoces de la Ciudad\u201d y argumentaron por qu\u00e9 los vecinos deber\u00edan elegir nuevamente a Arturo Rojas como intendente hasta 2027. Adem\u00e1s, Espinosa pidi\u00f3 a los vecinos que acompa\u00f1en a la [&hellip;]<\/p>\n","protected":false},"author":3,"featured_media":100473,"comment_status":"open","ping_status":"open","sticky":false,"template":"","format":"standard","meta":{"footnotes":""},"categories":[3],"tags":[],"class_list":["post-100472","post","type-post","status-publish","format-standard","has-post-thumbnail","category-masnoticias"],"_links":{"self":[{"href":"https:\/\/primicias2262.com\/noticias\/wp-json\/wp\/v2\/posts\/100472","targetHints":{"allow":["GET"]}}],"collection":[{"href":"https:\/\/primicias2262.com\/noticias\/wp-json\/wp\/v2\/posts"}],"about":[{"href":"https:\/\/primicias2262.com\/noticias\/wp-json\/wp\/v2\/types\/post"}],"author":[{"embeddable":true,"href":"https:\/\/primicias2262.com\/noticias\/wp-json\/wp\/v2\/users\/3"}],"replies":[{"embeddable":true,"href":"https:\/\/primicias2262.com\/noticias\/wp-json\/wp\/v2\/comments?post=100472"}],"version-history":[{"count":2,"href":"https:\/\/primicias2262.com\/noticias\/wp-json\/wp\/v2\/posts\/100472\/revisions"}],"predecessor-version":[{"id":100506,"href":"https:\/\/primicias2262.com\/noticias\/wp-json\/wp\/v2\/posts\/100472\/revisions\/100506"}],"wp:featuredmedia":[{"embeddable":true,"href":"https:\/\/primicias2262.com\/noticias\/wp-json\/wp\/v2\/media\/100473"}],"wp:attachment":[{"href":"https:\/\/primicias2262.com\/noticias\/wp-json\/wp\/v2\/media?parent=100472"}],"wp:term":[{"taxonomy":"category","embeddable":true,"href":"https:\/\/primicias2262.com\/noticias\/wp-json\/wp\/v2\/categories?post=100472"},{"taxonomy":"post_tag","embeddable":true,"href":"https:\/\/primicias2262.com\/noticias\/wp-json\/wp\/v2\/tags?post=100472"}],"curies":[{"name":"wp","href":"https:\/\/api.w.org\/{rel}","templated":true}]}}