{"id":100479,"date":"2023-06-27T12:45:54","date_gmt":"2023-06-27T12:45:54","guid":{"rendered":"https:\/\/primicias2262.com\/noticias\/?p=100479"},"modified":"2023-06-28T16:27:45","modified_gmt":"2023-06-28T16:27:45","slug":"massa-marca-que-viene-una-argentina-de-unidad-y-responsabilidad-y-asi-deber-ser-para-necochea-tambien","status":"publish","type":"post","link":"https:\/\/primicias2262.com\/noticias\/massa-marca-que-viene-una-argentina-de-unidad-y-responsabilidad-y-asi-deber-ser-para-necochea-tambien\/","title":{"rendered":"\u201cMassa marca que viene una Argentina de unidad y responsabilidad, y as\u00ed deber ser para Necochea tambi\u00e9n\u201d"},"content":{"rendered":"<p><strong>As\u00ed lo afirm\u00f3 una y otra vez el concejal del Frente Renovador y precandidato a intendente por Uni\u00f3n por la Patria, Mauro Vel\u00e1zquez, subrayando permanentemente los conceptos de unidad y responsabilidad, y destacando el esp\u00edritu de di\u00e1logo que prim\u00f3 con quien aspiraba a la intendencia por el espacio del Movimiento Evita, Luciano Lescano, para llegar a un acuerdo de unidad.<\/strong><\/p>\n<p>Pocas horas despu\u00e9s del cierre de listas, el precandidato Vel\u00e1zquez dialog\u00f3 con el periodista Jorge G\u00f3mez y desliz\u00f3 primariamente que \u201cnuestro conductor, Sergio Massa, que hoy es candidato a presidente, nos ped\u00eda que breg\u00e1ramos por la unidad y as\u00ed lo hac\u00edamos porque la Argentina que viene es de la unidad y la responsabilidad, y en ese esquema nos manejamos con mucha cautela todos estos meses cuando le dije a mis compa\u00f1eros que ten\u00eda intenciones de presentarme en estas elecciones\u201d.<\/p>\n<p>\u201cAs\u00ed lo encaramos hasta el \u00faltimo minuto\u201d, asegur\u00f3, de hecho, \u201ccasi pasada la medianoche intentamos la lista de unidad, pero tambi\u00e9n hab\u00edamos dicho que si se daba esta herramienta democr\u00e1tica como son las PASO \u00edbamos a ese escenario, aunque quiero dejar en claro que hicimos todo lo posible para la unidad, porque es lo que viene para Argentina y para Necochea\u201d.<\/p>\n<p>Seguidamente, Vel\u00e1zquez insisti\u00f3 en que ac\u00e1 no se trata de cuestiones personales o de ofr\u00e9celes nombres a la ciudad, sino proyectos, \u201cy as\u00ed lo encaramos nosotros\u201d, y valor\u00f3 el gesto de Luciano Lescano. \u201cEl di\u00e1logo debe ser permanente y en ese sentido quiero destacar el gran di\u00e1logo que pudimos tener con Luciano Lescano del Movimiento Evita, quien depone su aspiraci\u00f3n en pos de trabajar por la unidad y un proyecto local. Cuando nos sentamos a hablar, \u00e9l no jug\u00f3 a la chicana y entendimos que era este el camino, as\u00ed que estaremos trabajando con el Movimiento Evita\u201d.<\/p>\n<p>A partir de ahora, Mauro asegura que \u201cla mejor campa\u00f1a es la de las propuestas, los proyectos para la ciudad. Vengo de las filas del peronismo, pero corresponde decir que lo que viene es mucho m\u00e1s amplio, y a partir de ahora no nos vamos a focalizar en perder tiempo en chicanas pol\u00edticas, sino que quiero avanzar y que todos los vecinos de Necochea sepan la propuesta que tengo de ciudad\u201d.<\/p>\n<p>Finalmente, resalt\u00f3 respecto al apoyo que le brindan los referentes locales del Frente Renovador, los hermanos Facundo y Jimena L\u00f3pez, que quiero \u201cdestacar y agradecer la oportunidad, me vieron convencido y me han acompa\u00f1ado desde un primer momento. Esto no es improvisaci\u00f3n, empec\u00e9 a caminar hace mucho y lo so\u00f1\u00e9 toda mi vida, estoy feliz y lo tomo con mucha responsabilidad a lo que viene\u201d.<\/p>\n","protected":false},"excerpt":{"rendered":"<p>As\u00ed lo afirm\u00f3 una y otra vez el concejal del Frente Renovador y precandidato a intendente por Uni\u00f3n por la Patria, Mauro Vel\u00e1zquez, subrayando permanentemente los conceptos de unidad y responsabilidad, y destacando el esp\u00edritu de di\u00e1logo que prim\u00f3 con quien aspiraba a la intendencia por el espacio del Movimiento Evita, Luciano Lescano, para llegar [&hellip;]<\/p>\n","protected":false},"author":3,"featured_media":100474,"comment_status":"open","ping_status":"open","sticky":false,"template":"","format":"standard","meta":{"footnotes":""},"categories":[3],"tags":[],"class_list":["post-100479","post","type-post","status-publish","format-standard","has-post-thumbnail","category-masnoticias"],"_links":{"self":[{"href":"https:\/\/primicias2262.com\/noticias\/wp-json\/wp\/v2\/posts\/100479","targetHints":{"allow":["GET"]}}],"collection":[{"href":"https:\/\/primicias2262.com\/noticias\/wp-json\/wp\/v2\/posts"}],"about":[{"href":"https:\/\/primicias2262.com\/noticias\/wp-json\/wp\/v2\/types\/post"}],"author":[{"embeddable":true,"href":"https:\/\/primicias2262.com\/noticias\/wp-json\/wp\/v2\/users\/3"}],"replies":[{"embeddable":true,"href":"https:\/\/primicias2262.com\/noticias\/wp-json\/wp\/v2\/comments?post=100479"}],"version-history":[{"count":2,"href":"https:\/\/primicias2262.com\/noticias\/wp-json\/wp\/v2\/posts\/100479\/revisions"}],"predecessor-version":[{"id":100499,"href":"https:\/\/primicias2262.com\/noticias\/wp-json\/wp\/v2\/posts\/100479\/revisions\/100499"}],"wp:featuredmedia":[{"embeddable":true,"href":"https:\/\/primicias2262.com\/noticias\/wp-json\/wp\/v2\/media\/100474"}],"wp:attachment":[{"href":"https:\/\/primicias2262.com\/noticias\/wp-json\/wp\/v2\/media?parent=100479"}],"wp:term":[{"taxonomy":"category","embeddable":true,"href":"https:\/\/primicias2262.com\/noticias\/wp-json\/wp\/v2\/categories?post=100479"},{"taxonomy":"post_tag","embeddable":true,"href":"https:\/\/primicias2262.com\/noticias\/wp-json\/wp\/v2\/tags?post=100479"}],"curies":[{"name":"wp","href":"https:\/\/api.w.org\/{rel}","templated":true}]}}