{"id":100481,"date":"2023-06-27T13:03:45","date_gmt":"2023-06-27T13:03:45","guid":{"rendered":"https:\/\/primicias2262.com\/noticias\/?p=100481"},"modified":"2023-06-27T17:18:09","modified_gmt":"2023-06-27T17:18:09","slug":"asi-sigue-calendario-electoral-tras-conocerse-las-formulas-presidenciales","status":"publish","type":"post","link":"https:\/\/primicias2262.com\/noticias\/asi-sigue-calendario-electoral-tras-conocerse-las-formulas-presidenciales\/","title":{"rendered":"As\u00ed sigue calendario el electoral tras conocerse las f\u00f3rmulas presidenciales"},"content":{"rendered":"<p><strong>La C\u00e1mara Nacional Electoral estableci\u00f3, entre otras cuestiones, las fechas de las elecciones primarias -13 de agosto (PASO)- y las generales -22 de octubre, adem\u00e1s de cu\u00e1ndo podr\u00e1n consultarse los padrones y los plazos de la campa\u00f1a electoral. Tambi\u00e9n las fechas de los debates presidenciales obligatorios -1\u00ba y 8 de octubre- y un eventual balotaje -19 de noviembre-<\/strong><\/p>\n<p><strong>Por Jorge G\u00f3mez<\/strong><\/p>\n<p>Tras el cierre de listas y la consecuente confirmaci\u00f3n de las f\u00f3rmulas presidenciales, el calendario electoral continuar\u00e1 su marcha y se pondr\u00e1n a rodar las distintas campa\u00f1as proselitistas de cara a las PASO del 13 de agosto.<\/p>\n<p>El cronograma publicado por la C\u00e1mara Nacional Electoral mediante la Acordada Extraordinaria N\u00b0 35, estableci\u00f3, entre otras cuestiones, las fechas de las elecciones primarias y las generales, cu\u00e1ndo podr\u00e1n consultarse los padrones y los plazos de la campa\u00f1a electoral.<\/p>\n<p>Adem\u00e1s, se fijaron las fechas de los Debates Presidenciales Obligatorios que se realizar\u00e1n el 1\u00b0 de octubre y el 8 de octubre, y, en caso que hubiera una segunda vuelta, se realizar\u00e1 un tercer debate el 12 de noviembre.<\/p>\n<p>El pasado s\u00e1bado, adem\u00e1s del cierre de listas, tambi\u00e9n se dio por iniciada la campa\u00f1a electoral en la carrera por la Casa Rosada: redes sociales, afiches, pintadas y publicidad en los medios son algunas de las estrategias que comenzaron a desplegar los precandidatos para atraer a los votantes.<\/p>\n<p>A continuaci\u00f3n, las fechas destacadas del cronograma electoral nacional:<\/p>\n<p>\u2013 9 de julio: inicio de la campa\u00f1a electoral para las PASO en medios de comunicaci\u00f3n audiovisual.<\/p>\n<p>\u2013 14 de julio: designaci\u00f3n de autoridades de mesa y publicaci\u00f3n del padr\u00f3n definitivo.<\/p>\n<p>\u2013 19 de julio: comienzo de la prohibici\u00f3n de actos p\u00fablicos susceptibles de promover la captaci\u00f3n del sufragio.<\/p>\n<p>\u2013 29 de julio: difusi\u00f3n de los lugares y mesas de votaci\u00f3n.<\/p>\n<p>\u2013 11 de agosto: fin de la campa\u00f1a electoral y comienzo de la veda electoral.<\/p>\n<p>\u2013 13 de agosto: elecciones Primarias, Abiertas, Simult\u00e1neas y Obligatorias (PASO).<\/p>\n<p>\u2013 2 de septiembre: inicio de la campa\u00f1a electoral para las generales.<\/p>\n<p>\u2013 17 de septiembre: inicio de la campa\u00f1a electoral en medios de comunicaci\u00f3n audiovisual.<\/p>\n<p>\u2013 22 de septiembre: publicaci\u00f3n de los padrones definitivos.<\/p>\n<p>\u2013 27 de septiembre: comienzo de la prohibici\u00f3n de actos p\u00fablicos susceptibles de promover la captaci\u00f3n del sufragio.<\/p>\n<p>\u2013 1 de octubre: debate presidencial obligatorio (primera instancia).<\/p>\n<p>\u2013 8 de octubre: debate presidencial obligatorio (segunda instancia).<\/p>\n<p>\u2013 20 de octubre: fin de la campa\u00f1a y comienzo de la veda electoral.<\/p>\n<p>\u2013 22 de octubre: elecciones generales.<\/p>\n<p>\u2013 12 de noviembre: debate presidencial obligatorio (en caso de celebrarse una eventual segunda vuelta).<\/p>\n<p>\u2013 19 de noviembre: eventual balotaje.<\/p>\n","protected":false},"excerpt":{"rendered":"<p>La C\u00e1mara Nacional Electoral estableci\u00f3, entre otras cuestiones, las fechas de las elecciones primarias -13 de agosto (PASO)- y las generales -22 de octubre, adem\u00e1s de cu\u00e1ndo podr\u00e1n consultarse los padrones y los plazos de la campa\u00f1a electoral. Tambi\u00e9n las fechas de los debates presidenciales obligatorios -1\u00ba y 8 de octubre- y un eventual balotaje [&hellip;]<\/p>\n","protected":false},"author":3,"featured_media":100483,"comment_status":"open","ping_status":"open","sticky":false,"template":"","format":"standard","meta":{"footnotes":""},"categories":[7],"tags":[],"class_list":{"0":"post-100481","1":"post","2":"type-post","3":"status-publish","4":"format-standard","5":"has-post-thumbnail","7":"category-nac"},"_links":{"self":[{"href":"https:\/\/primicias2262.com\/noticias\/wp-json\/wp\/v2\/posts\/100481","targetHints":{"allow":["GET"]}}],"collection":[{"href":"https:\/\/primicias2262.com\/noticias\/wp-json\/wp\/v2\/posts"}],"about":[{"href":"https:\/\/primicias2262.com\/noticias\/wp-json\/wp\/v2\/types\/post"}],"author":[{"embeddable":true,"href":"https:\/\/primicias2262.com\/noticias\/wp-json\/wp\/v2\/users\/3"}],"replies":[{"embeddable":true,"href":"https:\/\/primicias2262.com\/noticias\/wp-json\/wp\/v2\/comments?post=100481"}],"version-history":[{"count":2,"href":"https:\/\/primicias2262.com\/noticias\/wp-json\/wp\/v2\/posts\/100481\/revisions"}],"predecessor-version":[{"id":100489,"href":"https:\/\/primicias2262.com\/noticias\/wp-json\/wp\/v2\/posts\/100481\/revisions\/100489"}],"wp:featuredmedia":[{"embeddable":true,"href":"https:\/\/primicias2262.com\/noticias\/wp-json\/wp\/v2\/media\/100483"}],"wp:attachment":[{"href":"https:\/\/primicias2262.com\/noticias\/wp-json\/wp\/v2\/media?parent=100481"}],"wp:term":[{"taxonomy":"category","embeddable":true,"href":"https:\/\/primicias2262.com\/noticias\/wp-json\/wp\/v2\/categories?post=100481"},{"taxonomy":"post_tag","embeddable":true,"href":"https:\/\/primicias2262.com\/noticias\/wp-json\/wp\/v2\/tags?post=100481"}],"curies":[{"name":"wp","href":"https:\/\/api.w.org\/{rel}","templated":true}]}}