{"id":100487,"date":"2023-06-27T17:05:11","date_gmt":"2023-06-27T17:05:11","guid":{"rendered":"https:\/\/primicias2262.com\/noticias\/?p=100487"},"modified":"2023-06-28T17:17:03","modified_gmt":"2023-06-28T17:17:03","slug":"tras-bajarse-de-las-paso-ordoqui-agradecio-llamados-de-otras-listas-pero-no-acompanaran-a-nadie","status":"publish","type":"post","link":"https:\/\/primicias2262.com\/noticias\/tras-bajarse-de-las-paso-ordoqui-agradecio-llamados-de-otras-listas-pero-no-acompanaran-a-nadie\/","title":{"rendered":"Tras bajarse de las PASO, Ordoqui agradeci\u00f3 llamados de otras listas pero no acompa\u00f1ar\u00e1n a nadie"},"content":{"rendered":"<p><strong>En la ma\u00f1ana de \u201cVoces de la Ciudad\u201d, y mediante la consulta telef\u00f3nica del perodista Jorge G\u00f3mez, el dirigente del Club Estaci\u00f3n Quequ\u00e9n, Marcelo Ordoqui, habl\u00f3 sobre su declinaci\u00f3n a la precandidatura de intendente, en l\u00ednea con la baja de Daniel Scioli en su aspiraci\u00f3n presidencial, y confirm\u00f3 que decidieron no apoyar a nadie \u201cporque es necesario realizar otro tipo de pol\u00edtica\u201d.<\/strong><\/p>\n<p>Primeramente, Ordoqui explic\u00f3 que \u201chab\u00edamos manifestado en su momento que necesit\u00e1bamos las PASO, eran absolutamente necesarias y quer\u00edamos ir a un escenario de internas que nos permitiera dirimir las diferentes visiones en cuanto a la construcci\u00f3n pol\u00edtica del espacio y la gesti\u00f3n, pero el viernes la candidatura de Scioli no termin\u00f3 siendo y en ese sentido nosotros decidimos tambi\u00e9n bajar nuestra precandidatura. Por supuesto lo planteamos en el grupo muy bueno de compa\u00f1eros y vecinos que tenemos, del cual estoy muy orgulloso y feliz de haber podido convocar\u201d.<\/p>\n<p>Ampli\u00f3 respecto a esto \u00faltimo que \u201cel viernes y s\u00e1bado estuvimos reunidos y tomamos la decisi\u00f3n en conjunto\u201d, y confim\u00f3 que \u201chubo llamados de diferentes espacios, brind\u00e1ndonos lugar y lista, y caminar en otra vertiente\u2026 pero no, decidimos que no y que es absolutamente necesario realizar otro tipo de pol\u00edtica, siempre dijimos que somos distintos y en ese sentido actuamos como corresponde. Lo que decimos, lo realizamos y por eso no nos ven participando en ninguna lista\u201d.<\/p>\n<p>Por lo tanto, dej\u00f3 bien en claro que no acompa\u00f1ar\u00e1n a nadie y tomar\u00e1n decisiones individuales en la elecci\u00f3n: \u201cNuestra construcci\u00f3n entiende que es necesario un cambio fuerte en las formas de hacer pol\u00edticas y los actores tienen que cambiar, tiene que haber una transformaci\u00f3n fuerte de la pol\u00edtica y la realidad, e irnos hacia un espacio ser\u00eda traicionar esa idea, as\u00ed que en el grupo cada uno tomar\u00e1 la decisi\u00f3n individual que le parezca\u201d.<\/p>\n<p>No obstante, \u201cseguiremos actuando y articulando como grupo, el cual est\u00e1 en plena construcci\u00f3n, y la idea es mirar para adelante y plantear actividades y l\u00edneas de trabajo que ten\u00edamos preparadas para la campa\u00f1a\u201d, asegur\u00f3 el exsecretario de Gobierno.<\/p>\n<p>Finalmente, reflexion\u00f3 que \u201cla pol\u00edtica tiene que ser un servicio y ello no depende de una coyuntura electoral, sino que tiene que ser los 365 d\u00edas, los a\u00f1os pares e impares, porque ac\u00e1 estamos acostumbrados a ver muchas caritas, dirigentes y espacios pol\u00edticos solo en los a\u00f1os impares\u2026 y creo que eso ya est\u00e1 desgastado y los vecinos no quieren m\u00e1s eso, sino gente que est\u00e9 los 365 d\u00edas generando pol\u00edticas p\u00fablicas que le cambien la vida, y en ese sentido estamos m\u00e1s fuerte que nunca, trabajando para crecer\u201d.<\/p>\n","protected":false},"excerpt":{"rendered":"<p>En la ma\u00f1ana de \u201cVoces de la Ciudad\u201d, y mediante la consulta telef\u00f3nica del perodista Jorge G\u00f3mez, el dirigente del Club Estaci\u00f3n Quequ\u00e9n, Marcelo Ordoqui, habl\u00f3 sobre su declinaci\u00f3n a la precandidatura de intendente, en l\u00ednea con la baja de Daniel Scioli en su aspiraci\u00f3n presidencial, y confirm\u00f3 que decidieron no apoyar a nadie \u201cporque [&hellip;]<\/p>\n","protected":false},"author":3,"featured_media":100418,"comment_status":"open","ping_status":"open","sticky":false,"template":"","format":"standard","meta":{"footnotes":""},"categories":[3],"tags":[],"class_list":["post-100487","post","type-post","status-publish","format-standard","has-post-thumbnail","category-masnoticias"],"_links":{"self":[{"href":"https:\/\/primicias2262.com\/noticias\/wp-json\/wp\/v2\/posts\/100487","targetHints":{"allow":["GET"]}}],"collection":[{"href":"https:\/\/primicias2262.com\/noticias\/wp-json\/wp\/v2\/posts"}],"about":[{"href":"https:\/\/primicias2262.com\/noticias\/wp-json\/wp\/v2\/types\/post"}],"author":[{"embeddable":true,"href":"https:\/\/primicias2262.com\/noticias\/wp-json\/wp\/v2\/users\/3"}],"replies":[{"embeddable":true,"href":"https:\/\/primicias2262.com\/noticias\/wp-json\/wp\/v2\/comments?post=100487"}],"version-history":[{"count":2,"href":"https:\/\/primicias2262.com\/noticias\/wp-json\/wp\/v2\/posts\/100487\/revisions"}],"predecessor-version":[{"id":100512,"href":"https:\/\/primicias2262.com\/noticias\/wp-json\/wp\/v2\/posts\/100487\/revisions\/100512"}],"wp:featuredmedia":[{"embeddable":true,"href":"https:\/\/primicias2262.com\/noticias\/wp-json\/wp\/v2\/media\/100418"}],"wp:attachment":[{"href":"https:\/\/primicias2262.com\/noticias\/wp-json\/wp\/v2\/media?parent=100487"}],"wp:term":[{"taxonomy":"category","embeddable":true,"href":"https:\/\/primicias2262.com\/noticias\/wp-json\/wp\/v2\/categories?post=100487"},{"taxonomy":"post_tag","embeddable":true,"href":"https:\/\/primicias2262.com\/noticias\/wp-json\/wp\/v2\/tags?post=100487"}],"curies":[{"name":"wp","href":"https:\/\/api.w.org\/{rel}","templated":true}]}}