{"id":100492,"date":"2023-06-28T16:27:39","date_gmt":"2023-06-28T16:27:39","guid":{"rendered":"https:\/\/primicias2262.com\/noticias\/?p=100492"},"modified":"2023-06-29T16:46:14","modified_gmt":"2023-06-29T16:46:14","slug":"para-mi-el-voto-util-es-el-de-intendente-y-nosotros-tenemos-para-mostrar-que-necochea-esta-mejor","status":"publish","type":"post","link":"https:\/\/primicias2262.com\/noticias\/para-mi-el-voto-util-es-el-de-intendente-y-nosotros-tenemos-para-mostrar-que-necochea-esta-mejor\/","title":{"rendered":"\u201cPara m\u00ed el voto \u00fatil es el de intendente, y nosotros tenemos para mostrar que Necochea est\u00e1 mejor\u201d"},"content":{"rendered":"<p><strong>As\u00ed lo defini\u00f3 el concejal de Nueva Necochea, Bartolom\u00e9 Zubillaga, quien explic\u00f3 los motivos que lo motivaron a seguir en la estructura oficialista de cara a los pr\u00f3ximos cuatro a\u00f1os y puso marcado \u00e9nfasis en el voto local: \u201cMi mensaje es el voto \u00fatil, que es el de intendente\u201d, sugiri\u00f3 al electorado local.<\/strong><\/p>\n<p>En la ma\u00f1ana de \u201cVoces de la Ciudad\u201d, durante una nota realizada por el periodista Jorge G\u00f3mez, quien es actual concejal y figura en la quinta posici\u00f3n de la lista oficialista para las elecciones, Bartolom\u00e9 Zubillaga, argument\u00f3 primeramente que \u201csigo porque hicimos un gran equipo en el Concejo, el grupo humano es muy bueno, se trabaja con mucha armon\u00eda, nunca tuve inconvenientes con nadie y no hay cuestiones de ego\u201d, destacando que \u201cpor un lado estaba bastante c\u00f3modo, pero por otro lo que consider\u00e9 es que lamentablemente por efecto de la pandemia y los problemas econ\u00f3micos nosotros no hemos podido cumplir una serie de objetivos que prometimos en 2019, a pesar de que hemos cumplido con la gran mayor\u00eda, y por eso insisto en que ahora Necochea est\u00e1 de pie y mucho mejor, y ha llegado el momento de lograr esos objetivos y m\u00e1s\u201d.<\/p>\n<p>Por ello, \u201cme dio ganas de seguir en ese sentido, para ver si podemos acompa\u00f1ar el espacio y empezar a seducir inversores, ya que la pandemia ha relegado las inversiones en todos lados, no solo en Necochea. Los males no son solo de Necochea, sino tambi\u00e9n provinciales y nacionales\u201d, manifest\u00f3, acotando que \u201cagradezco a Arturo por la deferencia de tenerme en cuenta\u2026siendo sincero, lo pens\u00e9 hasta los \u00faltimos 15 d\u00edas, no le encontraba la vuelta d\u00f3nde estar, pero tanto \u00e9l como mis compa\u00f1eros concejales me han hecho sentir muy bien y me decid\u00ed a seguir\u201d.<\/p>\n<p><strong>\u00c9nfasis en el voto \u00fatil<\/strong><\/p>\n<p>En cuanto a las elecciones que se vienen, al igual que en su anterior nota en \u201cVoces de la Ciudad\u201d, Zubillaga insisti\u00f3 en sugerirle a los vecinos que piensen bien el voto \u201c\u00fatil\u201d, que para \u00e9l es el voto del intendente.<\/p>\n<p>En ese aspecto, el edil se mostr\u00f3 en desacuerdo con votar una lista completa sin considerar qui\u00e9n est\u00e1 en la cola de la misma, \u201cque puede llegar a ser un oportunista que est\u00e1 considerando que como se va a votar mucho la cara del presidente en la primera boleta, eso te produzca el arrastre\u00a0 y resulta que despu\u00e9s tenemos inconvenientes con futuros concejales en el seno del Concejo, y los inconvenientes del Concejo despu\u00e9s se demuestran en la ciudad, ya que los concejales somos legisladores que en forma indirecta administramos la ciudad\u201d.<\/p>\n<p>Por consiguiente, \u201cpara m\u00ed el voto \u00fatil es el de intendente\u201d, reafirm\u00f3, \u201cy nosotros tenemos para mostrar que Necochea est\u00e1 mejor y desaf\u00edo a cualquiera que me diga que esto es mentira\u201d.<\/p>\n<p>Por otro lado, echando un vistazo a las diferentes franjas etarias del electorado, realiz\u00f3 la lectura que \u201ctenemos los chicos que van a empezar a votar y los j\u00f3venes hasta algo m\u00e1s de 20 a\u00f1os que es indudable que les atrae el antisistema, y tambi\u00e9n considero que el voto \u00fatil para ellos es el de intendente y concejales, que es el voto que les va a dar el contexto a ellos de estudiar en Necochea, quedarse ac\u00e1 y conseguir trabajo, m\u00e1s all\u00e1 de lo que suceda a nivel nacional\u201d.<\/p>\n<p>En tanto, \u201cuna persona que ya tenga familia e hijos tiene que considerar qu\u00e9 ciudad quiere y para eso tiene que votar a un determinado intendente. Por eso hay que ser claros, las personas estamos votando a personas, no estamos votando ideolog\u00edas, y tambi\u00e9n les pedir\u00eda que se tomen un tiempo para decidir a qui\u00e9n votar porque est\u00e1n definiendo los pr\u00f3ximos cuatro a\u00f1os y un proyecto de ciudad, y ni hablar de las personas grandes, que hemos visto a Necochea muy mal, donde no se pod\u00eda hacer nada y estaba relegada en la Provincia, esa gente tenemos que pensar tambi\u00e9n a qui\u00e9n vamos a estar votando\u201d, agreg\u00f3.<\/p>\n<p>Finalmente, alert\u00f3 que \u201csi siguen votando espejitos de colores y propuestas que no tienen sustento o personas sin experiencia para desarrollar estas actividades, corremos el riesgo de retrasar lo que hemos hecho, por eso mi mensaje es el voto \u00fatil, que es el de intendente\u201d.<\/p>\n","protected":false},"excerpt":{"rendered":"<p>As\u00ed lo defini\u00f3 el concejal de Nueva Necochea, Bartolom\u00e9 Zubillaga, quien explic\u00f3 los motivos que lo motivaron a seguir en la estructura oficialista de cara a los pr\u00f3ximos cuatro a\u00f1os y puso marcado \u00e9nfasis en el voto local: \u201cMi mensaje es el voto \u00fatil, que es el de intendente\u201d, sugiri\u00f3 al electorado local. En la [&hellip;]<\/p>\n","protected":false},"author":3,"featured_media":100497,"comment_status":"open","ping_status":"open","sticky":false,"template":"","format":"standard","meta":{"footnotes":""},"categories":[3],"tags":[],"class_list":["post-100492","post","type-post","status-publish","format-standard","has-post-thumbnail","category-masnoticias"],"_links":{"self":[{"href":"https:\/\/primicias2262.com\/noticias\/wp-json\/wp\/v2\/posts\/100492","targetHints":{"allow":["GET"]}}],"collection":[{"href":"https:\/\/primicias2262.com\/noticias\/wp-json\/wp\/v2\/posts"}],"about":[{"href":"https:\/\/primicias2262.com\/noticias\/wp-json\/wp\/v2\/types\/post"}],"author":[{"embeddable":true,"href":"https:\/\/primicias2262.com\/noticias\/wp-json\/wp\/v2\/users\/3"}],"replies":[{"embeddable":true,"href":"https:\/\/primicias2262.com\/noticias\/wp-json\/wp\/v2\/comments?post=100492"}],"version-history":[{"count":1,"href":"https:\/\/primicias2262.com\/noticias\/wp-json\/wp\/v2\/posts\/100492\/revisions"}],"predecessor-version":[{"id":100498,"href":"https:\/\/primicias2262.com\/noticias\/wp-json\/wp\/v2\/posts\/100492\/revisions\/100498"}],"wp:featuredmedia":[{"embeddable":true,"href":"https:\/\/primicias2262.com\/noticias\/wp-json\/wp\/v2\/media\/100497"}],"wp:attachment":[{"href":"https:\/\/primicias2262.com\/noticias\/wp-json\/wp\/v2\/media?parent=100492"}],"wp:term":[{"taxonomy":"category","embeddable":true,"href":"https:\/\/primicias2262.com\/noticias\/wp-json\/wp\/v2\/categories?post=100492"},{"taxonomy":"post_tag","embeddable":true,"href":"https:\/\/primicias2262.com\/noticias\/wp-json\/wp\/v2\/tags?post=100492"}],"curies":[{"name":"wp","href":"https:\/\/api.w.org\/{rel}","templated":true}]}}