{"id":100501,"date":"2023-06-28T16:49:40","date_gmt":"2023-06-28T16:49:40","guid":{"rendered":"https:\/\/primicias2262.com\/noticias\/?p=100501"},"modified":"2023-06-29T14:49:31","modified_gmt":"2023-06-29T14:49:31","slug":"violeta-perez-rosso-es-una-activa-militante-y-trabajadora-incansable-del-movimiento-evita","status":"publish","type":"post","link":"https:\/\/primicias2262.com\/noticias\/violeta-perez-rosso-es-una-activa-militante-y-trabajadora-incansable-del-movimiento-evita\/","title":{"rendered":"\u201cVioleta P\u00e9rez Rosso es una activa militante y trabajadora incansable del Movimiento Evita\u201d"},"content":{"rendered":"<p><strong>As\u00ed defini\u00f3 el dirigente del Movimiento Evita local, Luciano Lescano, a quien est\u00e1 ubicada en el segundo lugar de la lista de quien aspira a llegar a la intendencia por Uni\u00f3n por la Patria, Mauro Vel\u00e1zquez.<\/strong><\/p>\n<p>Mediante la consulta del periodista Jorge G\u00f3mez en \u201cVoces de la Ciudad\u201d, quien desisti\u00f3 a su pretensi\u00f3n de ser candidato a intendente tras el acuerdo del Movimiento Evita con la vertiente que conform\u00f3 la precandidatura de Vel\u00e1zquez, Luciano Lescano, se refiri\u00f3 a la joven Violeta P\u00e9rez Rosso, quien aparece segunda en la lista de precandidatos a concejales.<\/p>\n<p>Primeramente, el exconcejal contextualiz\u00f3 que \u201cfinalmente arribamos a una lista de unidad el mismo s\u00e1bado 24 de junio, nosotros est\u00e1bamos en La Plata planteando una lista propia y nuestra dirigencia a nivel nacional y provincial crey\u00f3 que tambi\u00e9n deb\u00edamos hacer un esfuerzo y construir una lista de unidad, y en ese sentido llegamos a un acuerdo con Mauro Vel\u00e1zquez y pudimos constituir una lista que lleva como segunda candidata a concejal a Violeta P\u00e9rez Rosso, quien es una activa militante y trabajadora incansable del Movimiento Evita\u201d.<\/p>\n<p>Sigui\u00f3 describiendo Lescano sobre Violeta que \u201cadem\u00e1s de militar dentro del frente de Mujeres Evita es tambi\u00e9n una militante que estuvo en lo que se llam\u00f3 \u201cEl Barrio cuida al barrio\u201d, un programa con posta sanitaria que recorr\u00eda los barrios de Necochea y Quequ\u00e9n durante la pandemia. Ella conduc\u00eda ese programa que concientizaba y llevaba tareas de prevenci\u00f3n del Covid, y eso fue algo que la mesa pol\u00edtica del Movimiento Evita puso en debate y por eso Violeta hoy integra la lista de Mauro Vel\u00e1zquez\u201d.<\/p>\n<p>Para pintar sint\u00e9ticamente el perfil de la candidata, Lescano aport\u00f3 que es profesora de Literatura y tiene 28 a\u00f1os: \u201cHay que destacar sus cualidades para consensuar y dialogar con todos los sectores, y por ello realmente ha logrado la s\u00edntesis del Movimiento Evita ,que es muy grande\u201d, valor\u00f3, para completar que \u201cVioleta viene de una familia que ha trabajado mucho por Necochea, y tiene una ardua tarea por delante, pero la vamos a acompa\u00f1ar colectivamente\u201d.<\/p>\n<p>Asimismo, revel\u00f3 en un \u00faltimo p\u00e1rrafo que \u201cseguramente vamos a estar firmando un acuerdo con Mauro (Vel\u00e1zquez) por el que vamos a llevar nuestras propuestas como movimiento\u2026 nuestro proyecto de ciudad no claudic\u00f3, sino todo lo contrario, aspiramos a que se lleven adelante una serie de medidas que vamos a plantear en la campa\u00f1a y lo vamos a firmar para trabajar en ese sentido\u201d.<\/p>\n<p><strong>FOTO: Alerta Alejandro<\/strong><\/p>\n","protected":false},"excerpt":{"rendered":"<p>As\u00ed defini\u00f3 el dirigente del Movimiento Evita local, Luciano Lescano, a quien est\u00e1 ubicada en el segundo lugar de la lista de quien aspira a llegar a la intendencia por Uni\u00f3n por la Patria, Mauro Vel\u00e1zquez. Mediante la consulta del periodista Jorge G\u00f3mez en \u201cVoces de la Ciudad\u201d, quien desisti\u00f3 a su pretensi\u00f3n de ser [&hellip;]<\/p>\n","protected":false},"author":3,"featured_media":100502,"comment_status":"open","ping_status":"open","sticky":false,"template":"","format":"standard","meta":{"footnotes":""},"categories":[3],"tags":[],"class_list":["post-100501","post","type-post","status-publish","format-standard","has-post-thumbnail","category-masnoticias"],"_links":{"self":[{"href":"https:\/\/primicias2262.com\/noticias\/wp-json\/wp\/v2\/posts\/100501","targetHints":{"allow":["GET"]}}],"collection":[{"href":"https:\/\/primicias2262.com\/noticias\/wp-json\/wp\/v2\/posts"}],"about":[{"href":"https:\/\/primicias2262.com\/noticias\/wp-json\/wp\/v2\/types\/post"}],"author":[{"embeddable":true,"href":"https:\/\/primicias2262.com\/noticias\/wp-json\/wp\/v2\/users\/3"}],"replies":[{"embeddable":true,"href":"https:\/\/primicias2262.com\/noticias\/wp-json\/wp\/v2\/comments?post=100501"}],"version-history":[{"count":1,"href":"https:\/\/primicias2262.com\/noticias\/wp-json\/wp\/v2\/posts\/100501\/revisions"}],"predecessor-version":[{"id":100503,"href":"https:\/\/primicias2262.com\/noticias\/wp-json\/wp\/v2\/posts\/100501\/revisions\/100503"}],"wp:featuredmedia":[{"embeddable":true,"href":"https:\/\/primicias2262.com\/noticias\/wp-json\/wp\/v2\/media\/100502"}],"wp:attachment":[{"href":"https:\/\/primicias2262.com\/noticias\/wp-json\/wp\/v2\/media?parent=100501"}],"wp:term":[{"taxonomy":"category","embeddable":true,"href":"https:\/\/primicias2262.com\/noticias\/wp-json\/wp\/v2\/categories?post=100501"},{"taxonomy":"post_tag","embeddable":true,"href":"https:\/\/primicias2262.com\/noticias\/wp-json\/wp\/v2\/tags?post=100501"}],"curies":[{"name":"wp","href":"https:\/\/api.w.org\/{rel}","templated":true}]}}