{"id":100504,"date":"2023-06-28T17:10:41","date_gmt":"2023-06-28T17:10:41","guid":{"rendered":"https:\/\/primicias2262.com\/noticias\/?p=100504"},"modified":"2023-06-29T13:55:57","modified_gmt":"2023-06-29T13:55:57","slug":"con-una-masiva-afluencia-la-expo-educativa-alcanzo-las-20-ediciones","status":"publish","type":"post","link":"https:\/\/primicias2262.com\/noticias\/con-una-masiva-afluencia-la-expo-educativa-alcanzo-las-20-ediciones\/","title":{"rendered":"Con una masiva afluencia, la Expo Educativa alcanz\u00f3 las 20 ediciones"},"content":{"rendered":"<p><strong>Con la presencia del intendente Arturo Rojas, se desarroll\u00f3 la 20\u00ba edici\u00f3n de la Expo Educativa destinada a alumnos del nivel secundario, t\u00e9cnico y agrario, que se desarrolla a\u00f1o tras a\u00f1o en la Escuela Secundaria N\u00ba 7, bajo la organizaci\u00f3n de los Equipos de Orientaci\u00f3n Escolar , Psicolog\u00eda Comunitaria y Pedagog\u00eda Social.<\/strong><\/p>\n<p>En un marco multitudinario de alumnos recorriendo los diferentes stands con las ofertas locales y regionales, al momento de la inauguraci\u00f3n el intendente Arturo Rojas manifest\u00f3 que \u201ces un honor estar con parte de mi equipo acompa\u00f1ando la Expo Educativa que cumple ni m\u00e1s ni menos que 20 a\u00f1os\u201d, y valor\u00f3 la predisposici\u00f3n de la escuela anfitriona y a todos los exponentes \u201cpara que j\u00f3venes y adultos tengan la posibilidad de elegir una carrera y una formaci\u00f3n\u201d.<\/p>\n<p><a href=\"https:\/\/primicias2262.com\/noticias\/wp-content\/uploads\/2023\/06\/28-06-FOTO-Rojas-Expo-Educativa.jpeg\"><img loading=\"lazy\" decoding=\"async\" class=\"aligncenter size-full wp-image-100493\" src=\"https:\/\/primicias2262.com\/noticias\/wp-content\/uploads\/2023\/06\/28-06-FOTO-Rojas-Expo-Educativa.jpeg\" alt=\"\" width=\"1600\" height=\"1066\" srcset=\"https:\/\/primicias2262.com\/noticias\/wp-content\/uploads\/2023\/06\/28-06-FOTO-Rojas-Expo-Educativa.jpeg 1600w, https:\/\/primicias2262.com\/noticias\/wp-content\/uploads\/2023\/06\/28-06-FOTO-Rojas-Expo-Educativa-300x200.jpeg 300w, https:\/\/primicias2262.com\/noticias\/wp-content\/uploads\/2023\/06\/28-06-FOTO-Rojas-Expo-Educativa-1024x682.jpeg 1024w, https:\/\/primicias2262.com\/noticias\/wp-content\/uploads\/2023\/06\/28-06-FOTO-Rojas-Expo-Educativa-768x512.jpeg 768w, https:\/\/primicias2262.com\/noticias\/wp-content\/uploads\/2023\/06\/28-06-FOTO-Rojas-Expo-Educativa-1536x1023.jpeg 1536w, https:\/\/primicias2262.com\/noticias\/wp-content\/uploads\/2023\/06\/28-06-FOTO-Rojas-Expo-Educativa-150x100.jpeg 150w, https:\/\/primicias2262.com\/noticias\/wp-content\/uploads\/2023\/06\/28-06-FOTO-Rojas-Expo-Educativa-696x464.jpeg 696w, https:\/\/primicias2262.com\/noticias\/wp-content\/uploads\/2023\/06\/28-06-FOTO-Rojas-Expo-Educativa-1068x712.jpeg 1068w\" sizes=\"auto, (max-width: 1600px) 100vw, 1600px\" \/><\/a>A prop\u00f3sito de adultos, Rojas hizo \u00e9nfasis en que \u201csi bien en la Expo la gran mayor\u00eda son alumnos y alumnas que finalizan el secundario, hay que tener en cuenta que no hay edad para el estudio\u201d, y afirm\u00f3 al instante que \u201cel de hoy es un d\u00eda muy importante en sus vidas, hay que tomar a conciencia lo que a uno le gusta y por lo que uno siente pasi\u00f3n, porque para tener un proyecto de vida no hay nada m\u00e1s lindo que poder hacer lo que a uno le gusta, poder encontrar la verdadera vocaci\u00f3n, y muchas veces este espacio ayuda a muchos alumnos que todav\u00eda no lo tienen bien en claro\u201d.<\/p>\n<p>Para finalizar, el Intendente plante\u00f3 parte de los desaf\u00edos educativos que aparecen en el horizonte: \u201cComo municipio y ciudad, sin lugar a dudas las metas son poder ampliar la oferta educativa para que los j\u00f3venes tengan m\u00e1s oportunidades de estudio en nuestra comunidad, que puedan elegir la carrera que les guste y poder desarrollarla aqu\u00ed\u201d, de manera que \u201ccada vez tengamos un mayor acompa\u00f1amiento desde el Estado a nuestros j\u00f3venes\u201d.<\/p>\n<p><a href=\"https:\/\/primicias2262.com\/noticias\/wp-content\/uploads\/2023\/06\/28-06-FOTO-Rojas-Expo-Educativa2.jpeg\"><img loading=\"lazy\" decoding=\"async\" class=\"aligncenter size-full wp-image-100494\" src=\"https:\/\/primicias2262.com\/noticias\/wp-content\/uploads\/2023\/06\/28-06-FOTO-Rojas-Expo-Educativa2.jpeg\" alt=\"\" width=\"1600\" height=\"900\" srcset=\"https:\/\/primicias2262.com\/noticias\/wp-content\/uploads\/2023\/06\/28-06-FOTO-Rojas-Expo-Educativa2.jpeg 1600w, https:\/\/primicias2262.com\/noticias\/wp-content\/uploads\/2023\/06\/28-06-FOTO-Rojas-Expo-Educativa2-300x169.jpeg 300w, https:\/\/primicias2262.com\/noticias\/wp-content\/uploads\/2023\/06\/28-06-FOTO-Rojas-Expo-Educativa2-1024x576.jpeg 1024w, https:\/\/primicias2262.com\/noticias\/wp-content\/uploads\/2023\/06\/28-06-FOTO-Rojas-Expo-Educativa2-768x432.jpeg 768w, https:\/\/primicias2262.com\/noticias\/wp-content\/uploads\/2023\/06\/28-06-FOTO-Rojas-Expo-Educativa2-1536x864.jpeg 1536w, https:\/\/primicias2262.com\/noticias\/wp-content\/uploads\/2023\/06\/28-06-FOTO-Rojas-Expo-Educativa2-150x84.jpeg 150w, https:\/\/primicias2262.com\/noticias\/wp-content\/uploads\/2023\/06\/28-06-FOTO-Rojas-Expo-Educativa2-696x392.jpeg 696w, https:\/\/primicias2262.com\/noticias\/wp-content\/uploads\/2023\/06\/28-06-FOTO-Rojas-Expo-Educativa2-1068x601.jpeg 1068w\" sizes=\"auto, (max-width: 1600px) 100vw, 1600px\" \/><\/a>Antecediendo al jefe comunal, quien dirigi\u00f3 unas palabras fue la Inspectora Distrital de Educaci\u00f3n, Elsa Guillermo, quien resalt\u00f3 que \u201cestos 20 a\u00f1os de la Expo son significativos para Necochea pero tambi\u00e9n a nivel Provincia, porque ning\u00fan distrito ha llevado adelante de manera continua una propuesta que garantice oportunidades para todos los estudiantes\u201d, para asegurar que \u201cen este lugar las posibilidades que se abren son infinitas, es donde muchas personas abren la puerta a un proyecto de vida, y creo que eso no tiene edad\u201d.<\/p>\n<p>La Expo Educativa, organizada por los Equipos de Orientaci\u00f3n Escolar, Psicolog\u00eda Comunitaria y Pedagog\u00eda Social y declarada de Inter\u00e9s Municipal, se inici\u00f3 en el a\u00f1o 2003 por iniciativa de una integrante de un equipo de Orientaci\u00f3n Escolar de la escuela anfitriona, Marta Bertoldi, junto a compa\u00f1eras de otra modalidad, y desde entonces se ha organizado de forma ininterrumpida, aun en tiempos de pandemia, cuando se logr\u00f3 garantizar el proyecto desde una propuesta virtual.<\/p>\n<p><a href=\"https:\/\/primicias2262.com\/noticias\/wp-content\/uploads\/2023\/06\/28-06-FOTO-Rojas-Expo-Educativa4.jpeg\"><img loading=\"lazy\" decoding=\"async\" class=\"aligncenter size-full wp-image-100495\" src=\"https:\/\/primicias2262.com\/noticias\/wp-content\/uploads\/2023\/06\/28-06-FOTO-Rojas-Expo-Educativa4.jpeg\" alt=\"\" width=\"1600\" height=\"1066\" srcset=\"https:\/\/primicias2262.com\/noticias\/wp-content\/uploads\/2023\/06\/28-06-FOTO-Rojas-Expo-Educativa4.jpeg 1600w, https:\/\/primicias2262.com\/noticias\/wp-content\/uploads\/2023\/06\/28-06-FOTO-Rojas-Expo-Educativa4-300x200.jpeg 300w, https:\/\/primicias2262.com\/noticias\/wp-content\/uploads\/2023\/06\/28-06-FOTO-Rojas-Expo-Educativa4-1024x682.jpeg 1024w, https:\/\/primicias2262.com\/noticias\/wp-content\/uploads\/2023\/06\/28-06-FOTO-Rojas-Expo-Educativa4-768x512.jpeg 768w, https:\/\/primicias2262.com\/noticias\/wp-content\/uploads\/2023\/06\/28-06-FOTO-Rojas-Expo-Educativa4-1536x1023.jpeg 1536w, https:\/\/primicias2262.com\/noticias\/wp-content\/uploads\/2023\/06\/28-06-FOTO-Rojas-Expo-Educativa4-150x100.jpeg 150w, https:\/\/primicias2262.com\/noticias\/wp-content\/uploads\/2023\/06\/28-06-FOTO-Rojas-Expo-Educativa4-696x464.jpeg 696w, https:\/\/primicias2262.com\/noticias\/wp-content\/uploads\/2023\/06\/28-06-FOTO-Rojas-Expo-Educativa4-1068x712.jpeg 1068w\" sizes=\"auto, (max-width: 1600px) 100vw, 1600px\" \/><\/a>Como lo subray\u00f3 la inspectora de la modalidad al dar la bienvenida, Martinica Rodr\u00edguez, el fin del evento es acercarle a los estudiantes del nivel secundario, t\u00e9cnico y agrario, familias y comunidad en general, la posibilidad de conocer la oferta educativa y las diferentes alternativas que tienen en la localidad y en la regi\u00f3n, p\u00fablica y privada de los estudios terciarios, universitarios y de Formaci\u00f3n Profesional.<\/p>\n","protected":false},"excerpt":{"rendered":"<p>Con la presencia del intendente Arturo Rojas, se desarroll\u00f3 la 20\u00ba edici\u00f3n de la Expo Educativa destinada a alumnos del nivel secundario, t\u00e9cnico y agrario, que se desarrolla a\u00f1o tras a\u00f1o en la Escuela Secundaria N\u00ba 7, bajo la organizaci\u00f3n de los Equipos de Orientaci\u00f3n Escolar , Psicolog\u00eda Comunitaria y Pedagog\u00eda Social. En un marco [&hellip;]<\/p>\n","protected":false},"author":3,"featured_media":100496,"comment_status":"open","ping_status":"open","sticky":false,"template":"","format":"standard","meta":{"footnotes":""},"categories":[3],"tags":[],"class_list":["post-100504","post","type-post","status-publish","format-standard","has-post-thumbnail","category-masnoticias"],"_links":{"self":[{"href":"https:\/\/primicias2262.com\/noticias\/wp-json\/wp\/v2\/posts\/100504","targetHints":{"allow":["GET"]}}],"collection":[{"href":"https:\/\/primicias2262.com\/noticias\/wp-json\/wp\/v2\/posts"}],"about":[{"href":"https:\/\/primicias2262.com\/noticias\/wp-json\/wp\/v2\/types\/post"}],"author":[{"embeddable":true,"href":"https:\/\/primicias2262.com\/noticias\/wp-json\/wp\/v2\/users\/3"}],"replies":[{"embeddable":true,"href":"https:\/\/primicias2262.com\/noticias\/wp-json\/wp\/v2\/comments?post=100504"}],"version-history":[{"count":1,"href":"https:\/\/primicias2262.com\/noticias\/wp-json\/wp\/v2\/posts\/100504\/revisions"}],"predecessor-version":[{"id":100505,"href":"https:\/\/primicias2262.com\/noticias\/wp-json\/wp\/v2\/posts\/100504\/revisions\/100505"}],"wp:featuredmedia":[{"embeddable":true,"href":"https:\/\/primicias2262.com\/noticias\/wp-json\/wp\/v2\/media\/100496"}],"wp:attachment":[{"href":"https:\/\/primicias2262.com\/noticias\/wp-json\/wp\/v2\/media?parent=100504"}],"wp:term":[{"taxonomy":"category","embeddable":true,"href":"https:\/\/primicias2262.com\/noticias\/wp-json\/wp\/v2\/categories?post=100504"},{"taxonomy":"post_tag","embeddable":true,"href":"https:\/\/primicias2262.com\/noticias\/wp-json\/wp\/v2\/tags?post=100504"}],"curies":[{"name":"wp","href":"https:\/\/api.w.org\/{rel}","templated":true}]}}