{"id":100507,"date":"2023-06-28T07:12:56","date_gmt":"2023-06-28T07:12:56","guid":{"rendered":"https:\/\/primicias2262.com\/noticias\/?p=100507"},"modified":"2023-06-29T13:53:59","modified_gmt":"2023-06-29T13:53:59","slug":"legado-a-las-jovenes-generaciones-visita-guiada-a-alumnos-en-el-paseo-de-la-memoria","status":"publish","type":"post","link":"https:\/\/primicias2262.com\/noticias\/legado-a-las-jovenes-generaciones-visita-guiada-a-alumnos-en-el-paseo-de-la-memoria\/","title":{"rendered":"Legado a las j\u00f3venes generaciones: visita guiada a alumnos en el Paseo de la Memoria"},"content":{"rendered":"<p><strong>El Archivo Municipal de la Memoria, dependiente de la Direcci\u00f3n de Relaciones con la Comunidad y Derechos Humanos, a cargo de Yamil Haedo, -con el apoyo de integrantes de la Comisi\u00f3n por la Memoria Militante-, encabez\u00f3 un recorrido guiado a docentes y alumnos de la Escuela Secundaria N\u00ba 1 por el Paseo de la Memoria y lugares afines a la \u00faltima dictadura militar.<\/strong><\/p>\n<p>En referencia a ello, uno de los integrantes del Archivo Municipal y militante de la Agrupaci\u00f3n H.I.J.O.S., Manuel Ib\u00e1\u00f1ez, se\u00f1al\u00f3 que trabajan a disposici\u00f3n de la comunidad y en ese sentido manifest\u00f3 que \u201cfuimos convocados por una profesora de la Escuela Secundaria N\u00ba 1 con alumnos de 6\u00ba A\u00f1o, e hicimos un recorrido guiado por el Paseo de la Memoria y los diferentes lugares como la se\u00f1alizaci\u00f3n de la Comisar\u00eda Primera, para concluir la actividad en el propio Archivo Municipal de la Memoria\u201d, que funciona en la planta alta de la Escuela Municipal de Artes, en calle 62 N\u00ba 2115.<\/p>\n<p><a href=\"https:\/\/primicias2262.com\/noticias\/wp-content\/uploads\/2023\/06\/FOTO-visita-Paseo-de-memoria2.jpeg\"><img loading=\"lazy\" decoding=\"async\" class=\"aligncenter size-full wp-image-100509\" src=\"https:\/\/primicias2262.com\/noticias\/wp-content\/uploads\/2023\/06\/FOTO-visita-Paseo-de-memoria2.jpeg\" alt=\"\" width=\"1600\" height=\"1066\" srcset=\"https:\/\/primicias2262.com\/noticias\/wp-content\/uploads\/2023\/06\/FOTO-visita-Paseo-de-memoria2.jpeg 1600w, https:\/\/primicias2262.com\/noticias\/wp-content\/uploads\/2023\/06\/FOTO-visita-Paseo-de-memoria2-300x200.jpeg 300w, https:\/\/primicias2262.com\/noticias\/wp-content\/uploads\/2023\/06\/FOTO-visita-Paseo-de-memoria2-1024x682.jpeg 1024w, https:\/\/primicias2262.com\/noticias\/wp-content\/uploads\/2023\/06\/FOTO-visita-Paseo-de-memoria2-768x512.jpeg 768w, https:\/\/primicias2262.com\/noticias\/wp-content\/uploads\/2023\/06\/FOTO-visita-Paseo-de-memoria2-1536x1023.jpeg 1536w, https:\/\/primicias2262.com\/noticias\/wp-content\/uploads\/2023\/06\/FOTO-visita-Paseo-de-memoria2-150x100.jpeg 150w, https:\/\/primicias2262.com\/noticias\/wp-content\/uploads\/2023\/06\/FOTO-visita-Paseo-de-memoria2-696x464.jpeg 696w, https:\/\/primicias2262.com\/noticias\/wp-content\/uploads\/2023\/06\/FOTO-visita-Paseo-de-memoria2-1068x712.jpeg 1068w\" sizes=\"auto, (max-width: 1600px) 100vw, 1600px\" \/><\/a>\u201cNos pusimos a disposici\u00f3n de los chicos y sus interrogantes, repasando la historia y el contexto de aquella \u00e9poca\u201d, referenci\u00f3 Ib\u00e1\u00f1ez, destacando en tal sentido la explicaci\u00f3n a cargo del historiador Alejandro Andersen y el aporte de Juan Carlos De Francisco y Jorge Luis Giorgi de la Comisi\u00f3n por la Memoria Militante. \u201cEn el Paseo a los alumnos les llam\u00f3 mayormente la atenci\u00f3n las edades de los detenidos desaparecidos\u201d, puntualiz\u00f3 Manuel durante la visita a dicho lugar en la Plaza Dardo Rocha.<\/p>\n<p>Este tipo de interacci\u00f3n con la comunidad se suma a la colocaci\u00f3n de se\u00f1al\u00e9tica en homenaje a los necochenses desaparecidos que viene propiciando el municipio, acerca de lo que Ib\u00e1\u00f1ez resalt\u00f3 que \u201cdesde el Archivo venimos trabajando las pol\u00edticas p\u00fablicas de memoria, Verdad y Justicia con una muy linda continuidad, porque recibimos propuestas de escuelas y me siento muy satisfecho de poder compartir todo esto\u201d.<\/p>\n<p><a href=\"https:\/\/primicias2262.com\/noticias\/wp-content\/uploads\/2023\/06\/FOTO-visita-Paseo-de-Memoria3.jpeg\"><img loading=\"lazy\" decoding=\"async\" class=\"aligncenter size-full wp-image-100510\" src=\"https:\/\/primicias2262.com\/noticias\/wp-content\/uploads\/2023\/06\/FOTO-visita-Paseo-de-Memoria3.jpeg\" alt=\"\" width=\"1600\" height=\"1066\" srcset=\"https:\/\/primicias2262.com\/noticias\/wp-content\/uploads\/2023\/06\/FOTO-visita-Paseo-de-Memoria3.jpeg 1600w, https:\/\/primicias2262.com\/noticias\/wp-content\/uploads\/2023\/06\/FOTO-visita-Paseo-de-Memoria3-300x200.jpeg 300w, https:\/\/primicias2262.com\/noticias\/wp-content\/uploads\/2023\/06\/FOTO-visita-Paseo-de-Memoria3-1024x682.jpeg 1024w, https:\/\/primicias2262.com\/noticias\/wp-content\/uploads\/2023\/06\/FOTO-visita-Paseo-de-Memoria3-768x512.jpeg 768w, https:\/\/primicias2262.com\/noticias\/wp-content\/uploads\/2023\/06\/FOTO-visita-Paseo-de-Memoria3-1536x1023.jpeg 1536w, https:\/\/primicias2262.com\/noticias\/wp-content\/uploads\/2023\/06\/FOTO-visita-Paseo-de-Memoria3-150x100.jpeg 150w, https:\/\/primicias2262.com\/noticias\/wp-content\/uploads\/2023\/06\/FOTO-visita-Paseo-de-Memoria3-696x464.jpeg 696w, https:\/\/primicias2262.com\/noticias\/wp-content\/uploads\/2023\/06\/FOTO-visita-Paseo-de-Memoria3-1068x712.jpeg 1068w\" sizes=\"auto, (max-width: 1600px) 100vw, 1600px\" \/><\/a>As\u00ed como con la Secundaria N\u00ba 1, el Archivo Municipal est\u00e1 a disposici\u00f3n de cualquier instituci\u00f3n educativa y los interesados se pueden contactar por las redes del Archivo; en la propia sede que funciona en la planta alta de la Escuela Municipal de Artes; o contactarse directamente con la Direcci\u00f3n de Relaciones con la Comunidad y Derechos Humanos, en la oficina ubicada en el 1\u00ba piso de Av. 59 N\u00ba 2432.<\/p>\n","protected":false},"excerpt":{"rendered":"<p>El Archivo Municipal de la Memoria, dependiente de la Direcci\u00f3n de Relaciones con la Comunidad y Derechos Humanos, a cargo de Yamil Haedo, -con el apoyo de integrantes de la Comisi\u00f3n por la Memoria Militante-, encabez\u00f3 un recorrido guiado a docentes y alumnos de la Escuela Secundaria N\u00ba 1 por el Paseo de la Memoria [&hellip;]<\/p>\n","protected":false},"author":3,"featured_media":100508,"comment_status":"open","ping_status":"open","sticky":false,"template":"","format":"standard","meta":{"footnotes":""},"categories":[3],"tags":[],"class_list":["post-100507","post","type-post","status-publish","format-standard","has-post-thumbnail","category-masnoticias"],"_links":{"self":[{"href":"https:\/\/primicias2262.com\/noticias\/wp-json\/wp\/v2\/posts\/100507","targetHints":{"allow":["GET"]}}],"collection":[{"href":"https:\/\/primicias2262.com\/noticias\/wp-json\/wp\/v2\/posts"}],"about":[{"href":"https:\/\/primicias2262.com\/noticias\/wp-json\/wp\/v2\/types\/post"}],"author":[{"embeddable":true,"href":"https:\/\/primicias2262.com\/noticias\/wp-json\/wp\/v2\/users\/3"}],"replies":[{"embeddable":true,"href":"https:\/\/primicias2262.com\/noticias\/wp-json\/wp\/v2\/comments?post=100507"}],"version-history":[{"count":2,"href":"https:\/\/primicias2262.com\/noticias\/wp-json\/wp\/v2\/posts\/100507\/revisions"}],"predecessor-version":[{"id":101395,"href":"https:\/\/primicias2262.com\/noticias\/wp-json\/wp\/v2\/posts\/100507\/revisions\/101395"}],"wp:featuredmedia":[{"embeddable":true,"href":"https:\/\/primicias2262.com\/noticias\/wp-json\/wp\/v2\/media\/100508"}],"wp:attachment":[{"href":"https:\/\/primicias2262.com\/noticias\/wp-json\/wp\/v2\/media?parent=100507"}],"wp:term":[{"taxonomy":"category","embeddable":true,"href":"https:\/\/primicias2262.com\/noticias\/wp-json\/wp\/v2\/categories?post=100507"},{"taxonomy":"post_tag","embeddable":true,"href":"https:\/\/primicias2262.com\/noticias\/wp-json\/wp\/v2\/tags?post=100507"}],"curies":[{"name":"wp","href":"https:\/\/api.w.org\/{rel}","templated":true}]}}