{"id":100513,"date":"2023-06-28T17:18:38","date_gmt":"2023-06-28T17:18:38","guid":{"rendered":"https:\/\/primicias2262.com\/noticias\/?p=100513"},"modified":"2023-06-28T17:18:38","modified_gmt":"2023-06-28T17:18:38","slug":"augusto-costa-tenemos-que-dejar-de-discutir-la-falsa-dicotomia-entre-estado-y-mercado","status":"publish","type":"post","link":"https:\/\/primicias2262.com\/noticias\/augusto-costa-tenemos-que-dejar-de-discutir-la-falsa-dicotomia-entre-estado-y-mercado\/","title":{"rendered":"Augusto Costa: \u201cTenemos que dejar de discutir la falsa dicotom\u00eda entre Estado y mercado\u201d"},"content":{"rendered":"<div class=\"col-12 col-sm-9\">\n<div class=\"nota_content mt-30\">\n<p><strong>El ministro de Producci\u00f3n, Ciencia e Innovaci\u00f3n Tecnol\u00f3gica bonaerense, Augusto Costa, afirm\u00f3 que \u201ctenemos que dejar de discutir la falsa dicotom\u00eda entre Estado y mercado, porque sin Estado, no hay mercado\u201d.<\/strong><\/p>\n<p>En un comunicado difundido hoy, Costa destac\u00f3 los distintos programas de financiamiento vigentes para peque\u00f1as y medianas empresas bonaerenses, en coordinaci\u00f3n con el Banco Provincia.<\/p>\n<p>As\u00ed, record\u00f3 que desde el inicio de su gesti\u00f3n en la provincia \u201cel gobernador Axel Kicillof puso a la banca p\u00fablica al servicio de los sectores productivos bonaerenses, con planes de cr\u00e9dito para micro, peque\u00f1as y medianas empresas que contemplan reducir el costo de financiamiento y facilitar la producci\u00f3n, el empleo, la integraci\u00f3n y el arraigo en el territorio provincial\u201d.<\/p>\n<p>Destac\u00f3 la importancia de \u201cacompa\u00f1ar desde la Provincia los esfuerzos que hacen las pymes bonaerenses para invertir, crecer y jerarquizar la producci\u00f3n bonaerense\u201d.<\/p>\n<p>Desde el \u00e1rea se record\u00f3 que la cartera productiva provincial trabaja en conjunto con el Banco Provincia para desarrollar distintas l\u00edneas de cr\u00e9dito, orientadas a potenciar a las empresas bonaerenses.<\/p>\n<p>Es el caso de los Cr\u00e9ditos para la Recuperaci\u00f3n Productiva que otorga el Bapro, con puntos de tasa bonificados por el Ministerio de Producci\u00f3n, que incluye los Cr\u00e9ditos Provincia en Marcha, que en sus tres convocatorias ya desembols\u00f3 10.750 millones de pesos para la inversi\u00f3n productiva de micro, peque\u00f1as y medianas empresas bonaerenses, con bonificaciones adicionales si las empresas llevan adelante mejoras ambientales, pol\u00edticas de g\u00e9nero, exportaciones o relocalizaciones en parques industriales.<\/p>\n<p>Tambi\u00e9n los Microcr\u00e9ditos productivos con tasa bonificada, que en sus dos ediciones ya desembols\u00f3 895 millones de pesos destinados a microempresas, con puntos de bonificaci\u00f3n adicional para emprendimientos liderados por mujeres.<\/p>\n<p>Adem\u00e1s, para fortalecer y mejorar la competitividad de las empresas bonaerenses, la provincia desarrolla la l\u00ednea Transformaci\u00f3n Digital Bonaerense, que alienta la incorporaci\u00f3n de tecnolog\u00edas digitales.<\/p>\n<p>Lo lleva adelante la cartera productiva provincial, y en sus tres ediciones desembols\u00f3 199 millones de pesos en cr\u00e9ditos directos para mipymes de la provincia a trav\u00e9s del Fideicomiso Impulso Productivo.<\/p>\n<p>A la vez, con el prop\u00f3sito de satisfacer necesidades actuales de micro, peque\u00f1as y medianas empresas comerciales radicadas en la provincia de Buenos Aires, promoviendo la adquisici\u00f3n de productos finales de fabricaci\u00f3n nacional, la provincia puso en marcha el Cr\u00e9dito Impulso al Comercio Bonaerense, una l\u00ednea de financiamiento para la compra de bienes de capital de trabajo de hasta $3 millones, con 30 puntos de la tasa de inter\u00e9s bonificada por el Ministerio de Producci\u00f3n.<\/p>\n<\/div>\n<\/div>\n","protected":false},"excerpt":{"rendered":"<p>El ministro de Producci\u00f3n, Ciencia e Innovaci\u00f3n Tecnol\u00f3gica bonaerense, Augusto Costa, afirm\u00f3 que \u201ctenemos que dejar de discutir la falsa dicotom\u00eda entre Estado y mercado, porque sin Estado, no hay mercado\u201d. En un comunicado difundido hoy, Costa destac\u00f3 los distintos programas de financiamiento vigentes para peque\u00f1as y medianas empresas bonaerenses, en coordinaci\u00f3n con el Banco [&hellip;]<\/p>\n","protected":false},"author":3,"featured_media":100514,"comment_status":"open","ping_status":"open","sticky":false,"template":"","format":"standard","meta":{"footnotes":""},"categories":[7],"tags":[],"class_list":{"0":"post-100513","1":"post","2":"type-post","3":"status-publish","4":"format-standard","5":"has-post-thumbnail","7":"category-nac"},"_links":{"self":[{"href":"https:\/\/primicias2262.com\/noticias\/wp-json\/wp\/v2\/posts\/100513","targetHints":{"allow":["GET"]}}],"collection":[{"href":"https:\/\/primicias2262.com\/noticias\/wp-json\/wp\/v2\/posts"}],"about":[{"href":"https:\/\/primicias2262.com\/noticias\/wp-json\/wp\/v2\/types\/post"}],"author":[{"embeddable":true,"href":"https:\/\/primicias2262.com\/noticias\/wp-json\/wp\/v2\/users\/3"}],"replies":[{"embeddable":true,"href":"https:\/\/primicias2262.com\/noticias\/wp-json\/wp\/v2\/comments?post=100513"}],"version-history":[{"count":1,"href":"https:\/\/primicias2262.com\/noticias\/wp-json\/wp\/v2\/posts\/100513\/revisions"}],"predecessor-version":[{"id":100515,"href":"https:\/\/primicias2262.com\/noticias\/wp-json\/wp\/v2\/posts\/100513\/revisions\/100515"}],"wp:featuredmedia":[{"embeddable":true,"href":"https:\/\/primicias2262.com\/noticias\/wp-json\/wp\/v2\/media\/100514"}],"wp:attachment":[{"href":"https:\/\/primicias2262.com\/noticias\/wp-json\/wp\/v2\/media?parent=100513"}],"wp:term":[{"taxonomy":"category","embeddable":true,"href":"https:\/\/primicias2262.com\/noticias\/wp-json\/wp\/v2\/categories?post=100513"},{"taxonomy":"post_tag","embeddable":true,"href":"https:\/\/primicias2262.com\/noticias\/wp-json\/wp\/v2\/tags?post=100513"}],"curies":[{"name":"wp","href":"https:\/\/api.w.org\/{rel}","templated":true}]}}