{"id":101400,"date":"2023-06-29T14:09:13","date_gmt":"2023-06-29T14:09:13","guid":{"rendered":"https:\/\/primicias2262.com\/noticias\/?p=101400"},"modified":"2023-06-29T14:09:13","modified_gmt":"2023-06-29T14:09:13","slug":"entradas-para-duki-en-river-2023-precio-y-cuando-sale-la-preventa","status":"publish","type":"post","link":"https:\/\/primicias2262.com\/noticias\/entradas-para-duki-en-river-2023-precio-y-cuando-sale-la-preventa\/","title":{"rendered":"Entradas para Duki en River 2023: precio y cu\u00e1ndo sale la preventa"},"content":{"rendered":"<p><b>Duki<\/b>, el referente m\u00e1s convocante del movimiento urbano argentino, se presenta el s\u00e1bado <b>2 de diciembre<\/b> en el <b>estadio Monumental<\/b> de River. En 2022, el cantante agot\u00f3 cuatro shows en la cancha de V\u00e9lez\u00a0<b>\u00bfCu\u00e1ndo empieza la venta de entradas y a trav\u00e9s de qu\u00e9 plataforma?<\/b><\/p>\n<p>El trapero viene de estrenar el pasado jueves su m\u00e1s reciente disco titulado \u00abAntes de Ameri\u00bb, que debut\u00f3 en lo m\u00e1s alto del ranking global de las plataformas digitales. A su vez, viene de presentarse en <b>su primera gira norteamericana completamente agotada con shows en ciudades como Nueva York, Chicago y Miami.<\/b><\/p>\n<p>Adem\u00e1s, en junio y julio tiene pautada una gira por Espa\u00f1a con fechas especiales en Asturias, Bilbao y Madrid, entre otras.<\/p>\n<p><b>\u00abNos vemos en River el 2 de diciembre mis diablas y mis diablos\u00bb<\/b>, confirm\u00f3 v\u00eda Twitter el m\u00fasico anunciado su fecha de presentaci\u00f3n en el Monumental.<\/p>\n<h2>Cu\u00e1ndo empieza la venta de entradas para ver a Duki en River<\/h2>\n<p>La venta de entradas para el recital del s\u00e1bado 2 de diciembre en el estadio Monumental de River <b>cocmienza este viernes 30 de junio a las 10 horas<\/b>, a trav\u00e9s del sitio <b><a href=\"https:\/\/www.allaccess.com.ar\/event\/duki\" target=\"_blank\" rel=\"noopener\">All Access<\/a><\/b>.<\/p>\n<p>El expendio de localidades ser\u00e1 con una primera <b>preventa para clientes del Banco Santander que tengan tarjetas de cr\u00e9dito American Express<\/b>, con tres cuotas sin intereses.<\/p>\n<p><b>Una vez agotado ese stock, se pondr\u00e1n autom\u00e1ticamente a la venta el resto de las entradas generales<\/b> desde la p\u00e1gina de All Access.<\/p>\n","protected":false},"excerpt":{"rendered":"<p>Duki, el referente m\u00e1s convocante del movimiento urbano argentino, se presenta el s\u00e1bado 2 de diciembre en el estadio Monumental de River. En 2022, el cantante agot\u00f3 cuatro shows en la cancha de V\u00e9lez\u00a0\u00bfCu\u00e1ndo empieza la venta de entradas y a trav\u00e9s de qu\u00e9 plataforma? El trapero viene de estrenar el pasado jueves su m\u00e1s [&hellip;]<\/p>\n","protected":false},"author":3,"featured_media":101401,"comment_status":"open","ping_status":"open","sticky":false,"template":"","format":"standard","meta":{"footnotes":""},"categories":[7],"tags":[],"class_list":{"0":"post-101400","1":"post","2":"type-post","3":"status-publish","4":"format-standard","5":"has-post-thumbnail","7":"category-nac"},"_links":{"self":[{"href":"https:\/\/primicias2262.com\/noticias\/wp-json\/wp\/v2\/posts\/101400","targetHints":{"allow":["GET"]}}],"collection":[{"href":"https:\/\/primicias2262.com\/noticias\/wp-json\/wp\/v2\/posts"}],"about":[{"href":"https:\/\/primicias2262.com\/noticias\/wp-json\/wp\/v2\/types\/post"}],"author":[{"embeddable":true,"href":"https:\/\/primicias2262.com\/noticias\/wp-json\/wp\/v2\/users\/3"}],"replies":[{"embeddable":true,"href":"https:\/\/primicias2262.com\/noticias\/wp-json\/wp\/v2\/comments?post=101400"}],"version-history":[{"count":1,"href":"https:\/\/primicias2262.com\/noticias\/wp-json\/wp\/v2\/posts\/101400\/revisions"}],"predecessor-version":[{"id":101402,"href":"https:\/\/primicias2262.com\/noticias\/wp-json\/wp\/v2\/posts\/101400\/revisions\/101402"}],"wp:featuredmedia":[{"embeddable":true,"href":"https:\/\/primicias2262.com\/noticias\/wp-json\/wp\/v2\/media\/101401"}],"wp:attachment":[{"href":"https:\/\/primicias2262.com\/noticias\/wp-json\/wp\/v2\/media?parent=101400"}],"wp:term":[{"taxonomy":"category","embeddable":true,"href":"https:\/\/primicias2262.com\/noticias\/wp-json\/wp\/v2\/categories?post=101400"},{"taxonomy":"post_tag","embeddable":true,"href":"https:\/\/primicias2262.com\/noticias\/wp-json\/wp\/v2\/tags?post=101400"}],"curies":[{"name":"wp","href":"https:\/\/api.w.org\/{rel}","templated":true}]}}