{"id":101404,"date":"2023-06-29T14:49:27","date_gmt":"2023-06-29T14:49:27","guid":{"rendered":"https:\/\/primicias2262.com\/noticias\/?p=101404"},"modified":"2023-06-30T18:24:53","modified_gmt":"2023-06-30T18:24:53","slug":"inminente-reapertura-de-la-estacion-de-piscicultura","status":"publish","type":"post","link":"https:\/\/primicias2262.com\/noticias\/inminente-reapertura-de-la-estacion-de-piscicultura\/","title":{"rendered":"Inminente reapertura de la Estaci\u00f3n de Piscicultura"},"content":{"rendered":"<p><strong>Por Jorge G\u00f3mez\u00a0\u00a0<\/strong><\/p>\n<p><strong>Ya estar\u00eda todo listo para la inminente reapertura de la Estaci\u00f3n de Piscicultura de Necochea, situada en inmediaciones al Paraje Las Cascadas, tras un proceso de acondicionamiento y de realizaci\u00f3n de obras complementarias que han puesto en valor este lugar, incluyendo c\u00f3mo qued\u00f3 el \u00e1rea del acuario y la presencia de trabajos de pintura y de intervenciones en paredes que explican las cualidades de este sitio.<\/strong><\/p>\n<p><a href=\"https:\/\/primicias2262.com\/noticias\/wp-content\/uploads\/2023\/06\/piscicultura4.jpeg\"><img loading=\"lazy\" decoding=\"async\" class=\"aligncenter size-full wp-image-101408\" src=\"https:\/\/primicias2262.com\/noticias\/wp-content\/uploads\/2023\/06\/piscicultura4.jpeg\" alt=\"\" width=\"1280\" height=\"606\" srcset=\"https:\/\/primicias2262.com\/noticias\/wp-content\/uploads\/2023\/06\/piscicultura4.jpeg 1280w, https:\/\/primicias2262.com\/noticias\/wp-content\/uploads\/2023\/06\/piscicultura4-300x142.jpeg 300w, https:\/\/primicias2262.com\/noticias\/wp-content\/uploads\/2023\/06\/piscicultura4-1024x485.jpeg 1024w, https:\/\/primicias2262.com\/noticias\/wp-content\/uploads\/2023\/06\/piscicultura4-768x364.jpeg 768w, https:\/\/primicias2262.com\/noticias\/wp-content\/uploads\/2023\/06\/piscicultura4-150x71.jpeg 150w, https:\/\/primicias2262.com\/noticias\/wp-content\/uploads\/2023\/06\/piscicultura4-696x330.jpeg 696w, https:\/\/primicias2262.com\/noticias\/wp-content\/uploads\/2023\/06\/piscicultura4-1068x506.jpeg 1068w\" sizes=\"auto, (max-width: 1280px) 100vw, 1280px\" \/><\/a>Las fotos adjuntas dan cuenta de las tareas llevadas a cabo en los \u00faltimos meses, dejando la remodelada Estaci\u00f3n de Piscicultura para la visita del p\u00fablico local y visitantes que se espera concurra a este bello lugar que se ubica a metros de las cascadas de nuestro bello R\u00edo Quequ\u00e9n, al igual que las delegaciones escolares que podr\u00edan llegarse a concurrir y observar el lugar.<\/p>\n<p>La reapertura se llevar\u00eda adelante el venidero martes 4 de julio, seg\u00fan adelant\u00f3 la directora de Gesti\u00f3n Ambiental de la Municipalidad de Necochea, Isabel G\u00e9nova.<\/p>\n<div id='gallery-1' class='gallery galleryid-101404 gallery-columns-3 gallery-size-medium'><figure class='gallery-item'>\n\t\t\t<div class='gallery-icon landscape'>\n\t\t\t\t<a href='https:\/\/primicias2262.com\/noticias\/inminente-reapertura-de-la-estacion-de-piscicultura\/piscicultura\/'><img loading=\"lazy\" decoding=\"async\" width=\"300\" height=\"186\" src=\"https:\/\/primicias2262.com\/noticias\/wp-content\/uploads\/2023\/06\/piscicultura-300x186.jpeg\" class=\"attachment-medium size-medium\" alt=\"\" srcset=\"https:\/\/primicias2262.com\/noticias\/wp-content\/uploads\/2023\/06\/piscicultura-300x186.jpeg 300w, https:\/\/primicias2262.com\/noticias\/wp-content\/uploads\/2023\/06\/piscicultura-1024x634.jpeg 1024w, https:\/\/primicias2262.com\/noticias\/wp-content\/uploads\/2023\/06\/piscicultura-768x476.jpeg 768w, https:\/\/primicias2262.com\/noticias\/wp-content\/uploads\/2023\/06\/piscicultura-150x93.jpeg 150w, https:\/\/primicias2262.com\/noticias\/wp-content\/uploads\/2023\/06\/piscicultura-696x431.jpeg 696w, https:\/\/primicias2262.com\/noticias\/wp-content\/uploads\/2023\/06\/piscicultura.jpeg 1040w\" sizes=\"auto, (max-width: 300px) 100vw, 300px\" \/><\/a>\n\t\t\t<\/div><\/figure><figure class='gallery-item'>\n\t\t\t<div class='gallery-icon landscape'>\n\t\t\t\t<a href='https:\/\/primicias2262.com\/noticias\/inminente-reapertura-de-la-estacion-de-piscicultura\/piscicultura6\/'><img loading=\"lazy\" decoding=\"async\" width=\"300\" height=\"226\" src=\"https:\/\/primicias2262.com\/noticias\/wp-content\/uploads\/2023\/06\/piscicultura6-300x226.jpeg\" class=\"attachment-medium size-medium\" alt=\"\" srcset=\"https:\/\/primicias2262.com\/noticias\/wp-content\/uploads\/2023\/06\/piscicultura6-300x226.jpeg 300w, https:\/\/primicias2262.com\/noticias\/wp-content\/uploads\/2023\/06\/piscicultura6-1024x770.jpeg 1024w, https:\/\/primicias2262.com\/noticias\/wp-content\/uploads\/2023\/06\/piscicultura6-768x578.jpeg 768w, https:\/\/primicias2262.com\/noticias\/wp-content\/uploads\/2023\/06\/piscicultura6-150x113.jpeg 150w, https:\/\/primicias2262.com\/noticias\/wp-content\/uploads\/2023\/06\/piscicultura6-696x524.jpeg 696w, https:\/\/primicias2262.com\/noticias\/wp-content\/uploads\/2023\/06\/piscicultura6-1068x804.jpeg 1068w, https:\/\/primicias2262.com\/noticias\/wp-content\/uploads\/2023\/06\/piscicultura6.jpeg 1280w\" sizes=\"auto, (max-width: 300px) 100vw, 300px\" \/><\/a>\n\t\t\t<\/div><\/figure><figure class='gallery-item'>\n\t\t\t<div class='gallery-icon landscape'>\n\t\t\t\t<a href='https:\/\/primicias2262.com\/noticias\/inminente-reapertura-de-la-estacion-de-piscicultura\/piscicultura2\/'><img loading=\"lazy\" decoding=\"async\" width=\"300\" height=\"169\" src=\"https:\/\/primicias2262.com\/noticias\/wp-content\/uploads\/2023\/06\/piscicultura2-300x169.jpeg\" class=\"attachment-medium size-medium\" alt=\"\" srcset=\"https:\/\/primicias2262.com\/noticias\/wp-content\/uploads\/2023\/06\/piscicultura2-300x169.jpeg 300w, https:\/\/primicias2262.com\/noticias\/wp-content\/uploads\/2023\/06\/piscicultura2-1024x576.jpeg 1024w, https:\/\/primicias2262.com\/noticias\/wp-content\/uploads\/2023\/06\/piscicultura2-768x432.jpeg 768w, https:\/\/primicias2262.com\/noticias\/wp-content\/uploads\/2023\/06\/piscicultura2-150x84.jpeg 150w, https:\/\/primicias2262.com\/noticias\/wp-content\/uploads\/2023\/06\/piscicultura2-696x392.jpeg 696w, https:\/\/primicias2262.com\/noticias\/wp-content\/uploads\/2023\/06\/piscicultura2-1068x601.jpeg 1068w, https:\/\/primicias2262.com\/noticias\/wp-content\/uploads\/2023\/06\/piscicultura2.jpeg 1280w\" sizes=\"auto, (max-width: 300px) 100vw, 300px\" \/><\/a>\n\t\t\t<\/div><\/figure>\n\t\t<\/div>\n\n<p><a href=\"https:\/\/primicias2262.com\/noticias\/wp-content\/uploads\/2023\/06\/piscicultura3.jpeg\"><img loading=\"lazy\" decoding=\"async\" class=\"aligncenter size-full wp-image-101407\" src=\"https:\/\/primicias2262.com\/noticias\/wp-content\/uploads\/2023\/06\/piscicultura3.jpeg\" alt=\"\" width=\"720\" height=\"1280\" srcset=\"https:\/\/primicias2262.com\/noticias\/wp-content\/uploads\/2023\/06\/piscicultura3.jpeg 720w, https:\/\/primicias2262.com\/noticias\/wp-content\/uploads\/2023\/06\/piscicultura3-169x300.jpeg 169w, https:\/\/primicias2262.com\/noticias\/wp-content\/uploads\/2023\/06\/piscicultura3-576x1024.jpeg 576w, https:\/\/primicias2262.com\/noticias\/wp-content\/uploads\/2023\/06\/piscicultura3-150x267.jpeg 150w, https:\/\/primicias2262.com\/noticias\/wp-content\/uploads\/2023\/06\/piscicultura3-300x533.jpeg 300w, https:\/\/primicias2262.com\/noticias\/wp-content\/uploads\/2023\/06\/piscicultura3-696x1237.jpeg 696w\" sizes=\"auto, (max-width: 720px) 100vw, 720px\" \/><\/a><\/p>\n","protected":false},"excerpt":{"rendered":"<p>Por Jorge G\u00f3mez\u00a0\u00a0 Ya estar\u00eda todo listo para la inminente reapertura de la Estaci\u00f3n de Piscicultura de Necochea, situada en inmediaciones al Paraje Las Cascadas, tras un proceso de acondicionamiento y de realizaci\u00f3n de obras complementarias que han puesto en valor este lugar, incluyendo c\u00f3mo qued\u00f3 el \u00e1rea del acuario y la presencia de trabajos [&hellip;]<\/p>\n","protected":false},"author":3,"featured_media":101409,"comment_status":"open","ping_status":"open","sticky":false,"template":"","format":"standard","meta":{"footnotes":""},"categories":[3],"tags":[],"class_list":["post-101404","post","type-post","status-publish","format-standard","has-post-thumbnail","category-masnoticias"],"_links":{"self":[{"href":"https:\/\/primicias2262.com\/noticias\/wp-json\/wp\/v2\/posts\/101404","targetHints":{"allow":["GET"]}}],"collection":[{"href":"https:\/\/primicias2262.com\/noticias\/wp-json\/wp\/v2\/posts"}],"about":[{"href":"https:\/\/primicias2262.com\/noticias\/wp-json\/wp\/v2\/types\/post"}],"author":[{"embeddable":true,"href":"https:\/\/primicias2262.com\/noticias\/wp-json\/wp\/v2\/users\/3"}],"replies":[{"embeddable":true,"href":"https:\/\/primicias2262.com\/noticias\/wp-json\/wp\/v2\/comments?post=101404"}],"version-history":[{"count":1,"href":"https:\/\/primicias2262.com\/noticias\/wp-json\/wp\/v2\/posts\/101404\/revisions"}],"predecessor-version":[{"id":101411,"href":"https:\/\/primicias2262.com\/noticias\/wp-json\/wp\/v2\/posts\/101404\/revisions\/101411"}],"wp:featuredmedia":[{"embeddable":true,"href":"https:\/\/primicias2262.com\/noticias\/wp-json\/wp\/v2\/media\/101409"}],"wp:attachment":[{"href":"https:\/\/primicias2262.com\/noticias\/wp-json\/wp\/v2\/media?parent=101404"}],"wp:term":[{"taxonomy":"category","embeddable":true,"href":"https:\/\/primicias2262.com\/noticias\/wp-json\/wp\/v2\/categories?post=101404"},{"taxonomy":"post_tag","embeddable":true,"href":"https:\/\/primicias2262.com\/noticias\/wp-json\/wp\/v2\/tags?post=101404"}],"curies":[{"name":"wp","href":"https:\/\/api.w.org\/{rel}","templated":true}]}}