{"id":101416,"date":"2023-06-29T14:57:57","date_gmt":"2023-06-29T14:57:57","guid":{"rendered":"https:\/\/primicias2262.com\/noticias\/?p=101416"},"modified":"2023-06-29T14:57:57","modified_gmt":"2023-06-29T14:57:57","slug":"bullrich-acuso-a-rodriguez-larreta-de-ventajero-oportunista-deleznable-y-de-una-enorme-bajeza-moral","status":"publish","type":"post","link":"https:\/\/primicias2262.com\/noticias\/bullrich-acuso-a-rodriguez-larreta-de-ventajero-oportunista-deleznable-y-de-una-enorme-bajeza-moral\/","title":{"rendered":"Bullrich acus\u00f3 a Rodr\u00edguez Larreta de \u00abventajero, oportunista, deleznable y de una enorme bajeza moral\u00bb"},"content":{"rendered":"<div class=\"col-12 col-sm-9\">\n<div class=\"nota_content mt-30\">\n<p><strong>La precandidata presidencial Patricia Bullrich volvi\u00f3 a atacara su rival dentro de Juntos por el Cambio (JxC), Horacio Rodr\u00edguez Larreta, a quien calific\u00f3 de \u201cventajero total y oportunista que hace cualquier cosa por un voto\u201d, lo que puso en evidencia el grado de tensi\u00f3n que afecta a la coalici\u00f3n opositora.<\/strong><\/p>\n<p>\u201cHay l\u00edmites en una campa\u00f1a, es un ventajero total, no puede decir algo as\u00ed de quien fue su jefe pol\u00edtico durante tanto tiempo. Me parece muy deleznable\u201d, dijo Bullrich en declaraciones publicadas en el portal de Clar\u00edn.<\/p>\n<p>La referente del grupo de \u201clos halcones\u201d del PRO remarc\u00f3: \u201cMe parece de una enorme bajeza moral, oportunismo y falta de \u00e9tica que Larreta, que se jacta de haber trabajado 20 a\u00f1os con Macri, haga cualquier cosa con tal de conseguir un voto\u201d.<\/p>\n<p>Las declaraciones de Bullrich se producen luego de que Larreta afirmara que la exministra de Seguridad propone el mismo \u201cmodelo\u201d que ya \u201cfracas\u00f3\u201d durante la administraci\u00f3n de Macri entre 2015 y 2019.<\/p>\n<p>En la misma l\u00ednea, Luis Petri, compa\u00f1ero de f\u00f3rmula de Bullrich, consider\u00f3 \u201cdecepcionante\u201d escuchar a Larreta criticar m\u00e1s a la exministra de Seguridad y a Mauricio Macri que \u201ca los verdaderos responsables del desastre del pa\u00eds, que son el Kirchnerismo y Sergio Massa\u201d.<\/p>\n<p>\u201cNo vale todo, no somos lo mismo, no se construyen mayor\u00edas con los que desprecian los valores republicanos y alientan el populismo decadente en la Argentina, se los enfrenta, con coraje y valent\u00eda\u201d, defini\u00f3 Petri.<\/p>\n<p>M\u00e1s temprano, Larreta hab\u00eda dicho sobre Bullrich: \u201cLos dos somos parte de Juntos por el Cambio, tenemos una visi\u00f3n com\u00fan de hacia d\u00f3nde debe ir la Argentina. Pero diferimos en el c\u00f3mo, y eso hace toda la diferencia. El c\u00f3mo es lo que diferencia entre lograrlo y no\u201d.<\/p>\n<p>El referente de \u201clas palomas\u201d del PRO, el sector que pretende posicionarse como moderado en la interna, hab\u00eda se\u00f1alado que Bullrich \u201cpropone desde el mensaje fuerte\u201d pero que \u201cas\u00ed no funcion\u00f3\u201d.<\/p>\n<p>\u201cEs la historia de la Argentina, llevamos 100 a\u00f1os de antinomias, peleas que el que no piensa como yo es el enemigo, que hay que matarlo, que el adversario pol\u00edtico todo lo que diga est\u00e1 mal, que el Gobierno tiene que empezar de cero. Ese modelo fracas\u00f3, mir\u00e1 c\u00f3mo estamos hoy\u201d, sostuvo Larreta.<\/p>\n<p>Consultado sobre si ese modelo es el que representa Macri, afirm\u00f3: \u201cEs lo que intent\u00f3, yo propongo algo diferente. Que construyamos una nueva mayor\u00eda s\u00f3lida y firme para impulsar algo en la Argentina que tenga gobernabilidad, pero para que el cambio se mantenga en el tiempo\u201d.<\/p>\n<p>Cuando las cr\u00edticas hab\u00edan impactado en la interna de JxC, Larreta trat\u00f3 luego de morigerar sus palabras: \u201cYo no dije que el modelo Macri fracas\u00f3. Lo que dije fue que los cambios que no se mantienen en el tiempo y muchas de las cosas que \u00e9l dispuso volvieron para atr\u00e1s\u201d, intent\u00f3 desdecirse en Radio Continental.<\/p>\n<p>Por su parte, el diputado del PRO en JxC Fernando Iglesias, aliado de Bullrich, acus\u00f3 a Larreta de contradecirse en su reiterada consigna de \u201cno hablar\u201d de otros dirigentes de la coalici\u00f3n, decisi\u00f3n con la que intentaba posicionarse como dialoguista y moderado.<\/p>\n<p>\u201c\u2018Yo nunca hablo mal de mis aliados\u2019 es otra producci\u00f3n de Editorial Ventajita para su colecci\u00f3n Nueva Mayor\u00eda\u201d, public\u00f3 con iron\u00eda Iglesias en Twitter.<\/p>\n<p>Tambi\u00e9n se expres\u00f3 contra Larreta el exmiembro del Consejo de la Magistratura Alejandro Fargosi, asesor de Bullrich y quien defendi\u00f3 a Macri con el argumento de que \u201calgunos\u201d dirigentes de la coalici\u00f3n le \u201ctrabaron\u201d medidas que quiso implementar durante su gesti\u00f3n.<\/p>\n<p>\u201cPor lo que recuerdo, estimado Larreta, el mayor obst\u00e1culo de Macri (que su 41% de 2019 prueba que no fue fracaso) fueron los frenos y miedos que algunos impusieron. \u00bfQuienes? Los que revirtieron medidas que Macri orden\u00f3 pero algunos de JxC le trabaron, diluyeron o revirtieron\u201d, public\u00f3 Fragosi en esa misma red social.<\/p>\n<p>El exconsejero de la Magistratura se refiri\u00f3 a algunas de las presuntas medidas que no pudo llevar adelante Macri por decisi\u00f3n de dirigentes cercanos a Larreta: \u201cSinceramiento econ\u00f3mico, tarifas reales, gastos del estado, lluvia de planes, fin de curros, despido de \u00f1okis (sic), etc.\u201d<\/p>\n<p>Fargosi subray\u00f3 que \u201clos problemas\u201d que existieron entre 2015 y 2019 \u201cno recuerdan precisamente al modelo que propone Bullrich\u201d.<\/p>\n<p>En cambio, quien se sum\u00f3 a Larreta en las cr\u00edticas a la gesti\u00f3n de Macri fue la referente de la Coalici\u00f3n C\u00edvica (CC) Elisa Carri\u00f3, cofundadora de Cambiemos en 2015, el frente con el que el exmandatario accedi\u00f3 a la Presidencia.<\/p>\n<p>\u201cHay dos modelos: hay un modelo, que por ejemplo lo interpreta Macri, que dice que hay que ajustar todo\u201d, dijo Carri\u00f3, en alusi\u00f3n a presuntas diferencias entre Larreta y Bullrich, una controversia donde la exdiputada respalda al alcalde porte\u00f1o.<\/p>\n<p>Y agreg\u00f3: \u201cEst\u00e1 tan ajustada la clase media que si usted ajusta todo y no crece, lo que va a hacer es estallar la Argentina\u201d.<\/p>\n<p>Adem\u00e1s de recalcar que \u201cel ajuste sobre una clase media diezmada es terrible\u201d, Carri\u00f3 record\u00f3 c\u00f3mo fueron las negociaciones con Macri para formar Cambiemos hace ocho a\u00f1os: \u201cVino al centro cuando hizo una alianza conmigo, yo nunca fui a la derecha y menos a la extrema derecha\u201d.<\/p>\n<p>Fargosi sali\u00f3 al cruce de las declaraciones de Carri\u00f3 y le recalc\u00f3 que \u201cel modelo\u201d no es el de Macri, sino que \u201ces el de Bullrich\u201d que -seg\u00fan dijo- es \u201cquien ser\u00e1 presidenta\u201d.<\/p>\n<p>\u201cSegundo, no propone ajustar todo ni especialmente a la gente sino ajustar al Estado y a la pol\u00edtica\u201d, afirm\u00f3 el exconsejero de la Magistratura.<\/p>\n<p>Fuentes cercanas a la extitular del PRO indicaron a T\u00e9lam que \u201cseguramente\u201d Bullrich se \u201cexplaye\u201d sobre su cruce con Larreta ma\u00f1ana, durante una conferencia de prensa que ofrecer\u00e1 en Pilar, donde presentar\u00e1 a parte de su equipo.<\/p>\n<\/div>\n<\/div>\n","protected":false},"excerpt":{"rendered":"<p>La precandidata presidencial Patricia Bullrich volvi\u00f3 a atacara su rival dentro de Juntos por el Cambio (JxC), Horacio Rodr\u00edguez Larreta, a quien calific\u00f3 de \u201cventajero total y oportunista que hace cualquier cosa por un voto\u201d, lo que puso en evidencia el grado de tensi\u00f3n que afecta a la coalici\u00f3n opositora. \u201cHay l\u00edmites en una campa\u00f1a, [&hellip;]<\/p>\n","protected":false},"author":3,"featured_media":101417,"comment_status":"open","ping_status":"open","sticky":false,"template":"","format":"standard","meta":{"footnotes":""},"categories":[7],"tags":[],"class_list":{"0":"post-101416","1":"post","2":"type-post","3":"status-publish","4":"format-standard","5":"has-post-thumbnail","7":"category-nac"},"_links":{"self":[{"href":"https:\/\/primicias2262.com\/noticias\/wp-json\/wp\/v2\/posts\/101416","targetHints":{"allow":["GET"]}}],"collection":[{"href":"https:\/\/primicias2262.com\/noticias\/wp-json\/wp\/v2\/posts"}],"about":[{"href":"https:\/\/primicias2262.com\/noticias\/wp-json\/wp\/v2\/types\/post"}],"author":[{"embeddable":true,"href":"https:\/\/primicias2262.com\/noticias\/wp-json\/wp\/v2\/users\/3"}],"replies":[{"embeddable":true,"href":"https:\/\/primicias2262.com\/noticias\/wp-json\/wp\/v2\/comments?post=101416"}],"version-history":[{"count":1,"href":"https:\/\/primicias2262.com\/noticias\/wp-json\/wp\/v2\/posts\/101416\/revisions"}],"predecessor-version":[{"id":101418,"href":"https:\/\/primicias2262.com\/noticias\/wp-json\/wp\/v2\/posts\/101416\/revisions\/101418"}],"wp:featuredmedia":[{"embeddable":true,"href":"https:\/\/primicias2262.com\/noticias\/wp-json\/wp\/v2\/media\/101417"}],"wp:attachment":[{"href":"https:\/\/primicias2262.com\/noticias\/wp-json\/wp\/v2\/media?parent=101416"}],"wp:term":[{"taxonomy":"category","embeddable":true,"href":"https:\/\/primicias2262.com\/noticias\/wp-json\/wp\/v2\/categories?post=101416"},{"taxonomy":"post_tag","embeddable":true,"href":"https:\/\/primicias2262.com\/noticias\/wp-json\/wp\/v2\/tags?post=101416"}],"curies":[{"name":"wp","href":"https:\/\/api.w.org\/{rel}","templated":true}]}}