{"id":101419,"date":"2023-06-29T15:01:08","date_gmt":"2023-06-29T15:01:08","guid":{"rendered":"https:\/\/primicias2262.com\/noticias\/?p=101419"},"modified":"2023-06-29T15:01:08","modified_gmt":"2023-06-29T15:01:08","slug":"la-carta-de-juan-grabois-luego-de-oficializar-su-precandidatura-presidencial-plata-y-miedo-no-tenemos","status":"publish","type":"post","link":"https:\/\/primicias2262.com\/noticias\/la-carta-de-juan-grabois-luego-de-oficializar-su-precandidatura-presidencial-plata-y-miedo-no-tenemos\/","title":{"rendered":"La carta de Juan Grabois luego de oficializar su precandidatura presidencial: \u201cPlata y miedo no tenemos\u201d"},"content":{"rendered":"<p>La Junta Electoral Nacional del Frente <b>Uni\u00f3n por la Patria (UxP) <\/b>oficializ\u00f3 la lista <b>\u00abJusta y Soberana\u00bb<\/b> que encabezan<b> <a href=\"https:\/\/www.pagina12.com.ar\/561928-juan-grabois-llevo-los-avales-de-su-candidatura-en-un-carro-\">Juan Grabois<\/a> y Mar\u00eda Paula Abal Medina<\/b>, como precandidatos a presidente y vicepresidenta, por lo que <b>queda habilitada<\/b> para participar en la interna que la coalici\u00f3n oficialista celebrar\u00e1 en las <b>Primarias Abiertas, Simult\u00e1neas y Obligatorias (PASO)<\/b> del pr\u00f3ximo 13 de agosto. Cerca de Grabois afirmaron a <b>P\u00e1ginaI12<\/b> que \u201cno habr\u00e1 inconvenientes\u201d para que su f\u00f3rmula presidencial, al igual que la de <b><a href=\"https:\/\/www.pagina12.com.ar\/562813-fmi-el-programa-financiero-hasta-fin-de-ano-a-punto-de-parir\">Sergio Massa<\/a> y <a href=\"https:\/\/www.pagina12.com.ar\/562190-agustin-rossi-es-un-error-calificar-a-sergio-massa-de-derech\">Agust\u00edn Rossi<\/a><\/b>, vaya pegada \u201cal resto de la lista de unidad\u201d que UP presentar\u00e1 en los distintos distritos electorales del pa\u00eds, aunque <b>la Junta Electoral cuenta con otras 72 horas para expedirse sobre el tema<\/b>. Por la tarde, en una carta publicada en Twitter, el referente social dio una explicaci\u00f3n sobre los motivos que lo llevaron a confirmar su participaci\u00f3n en las PASO.<\/p>\n<p>El sector que encabeza el dirigente celebr\u00f3 la noticia a trav\u00e9s de las redes sociales. <b>\u201c\u00a1Vamos con @JuanGrabois a las PASO, en uni\u00f3n por una patria Justa y Soberana!<\/b> Estamos muy emocionados de comunicarles que hoy la junta electoral de @unionxlapatria oficializ\u00f3 la precandidatura a presidente de @JuanGrabois junto @paulaabalmedina a vicepresidenta en las PASO\u201d, dice el texto que abre un hilo de tuits.<\/p>\n<div id=\"div-gpt-ad-inline\" data-google-query-id=\"CM3u7qLf6P8CFYmKlQId5ZQBpg\">\n<div id=\"google_ads_iframe_\/349353471\/p12_nota_TEADS_0__container__\"><iframe id=\"google_ads_iframe_\/349353471\/p12_nota_TEADS_0\" tabindex=\"0\" title=\"3rd party ad content\" role=\"region\" name=\"google_ads_iframe_\/349353471\/p12_nota_TEADS_0\" width=\"1\" height=\"1\" frameborder=\"0\" marginwidth=\"0\" marginheight=\"0\" scrolling=\"no\" aria-label=\"Advertisement\" data-google-container-id=\"5\" data-load-complete=\"true\" data-mce-fragment=\"1\"><\/iframe><\/div>\n<\/div>\n<p><b> \u201cCompetir\u00e1n en una interna de unidad junto a Sergio Massa y Agust\u00edn Rossi<\/b>. Juan Grabois y Paula Abal Medina son <b>hijos de la generaci\u00f3n diezmada<\/b> y llevan un programa de defensa de la soberan\u00eda nacional y transformaci\u00f3n de nuestra patria, como nos\u00a0ense\u00f1\u00f3 @CFKArgentina\u201d, contin\u00faa el hilo para luego agregar: \u201cLa democracia de nuestro pa\u00eds est\u00e1 condicionada por el <b>Partido Judicial, el FMI y los grandes grupos econ\u00f3micos<\/b>. La candidatura de Juan es una manera de fortalecer al pueblo que se les planta y devolver la esperanza\u201d.<\/p>\n<p>De acuerdo a la resoluci\u00f3n n\u00famero 5 del \u00f3rgano partidario,<b> Justa y Soberana, cuenta \u00abcon los avales suficientes de afiliados a los partidos que integran el Frente UxP\u00bb<\/b>, correspondientes a por \u00ablo menos cinco distritos electorales integrados hasta un 50 por ciento por afiliados al <b>Partido Justicialista <\/b>y un 20 por ciento de afiliados a los restantes partidos que integran\u00bb la coalici\u00f3n.<\/p>\n<p>\u00abNo existen observaciones que formular a los precandidatos presentados\u00bb que encabezan la n\u00f3mina y autoriza su participaci\u00f3n en la interna que se celebrar\u00e1 en las PASO, agrega la resoluci\u00f3n de la Junta que integran el senador nacional <b>Mariano Recalde<\/b>; el apoderado del partido Nuevo Encuentro, <b>Sergio Zurano<\/b>; la titular del PAMI, <b>Luana Volnovich<\/b>; la diputada provincial del Chaco,<b> Graciela de la Rosa<\/b>; y la vicegobernadora bonaerense <b>Ver\u00f3nica Magario<\/b>.<\/p>\n<p>Por lo que finalmente, <b>la coalici\u00f3n oficialista tendr\u00e1 interna para la f\u00f3rmula presidencial<\/b>. Grabois ya hab\u00eda manifestado su intenci\u00f3n de competir si UP abr\u00eda la disputa para las PASO como todo parec\u00eda indicar, aunque tras el ef\u00edmero lanzamiento del ministro de Interior, <b>Eduardo \u201cWado\u201d de Pedro<\/b>, el dirigente del <b>Frente Patria Grande<\/b> dej\u00f3 de lado su postura para acompa\u00f1ar la candidatura de \u201cun hijo de la generaci\u00f3n diezmada\u201d.<\/p>\n<p>Pero el acuerdo de \u00faltimo momento que sellaron las principales vertientes de UP para conformar una lista de unidad con la f\u00f3rmula presidencial Massa y Rossi, devolvieron al ruedo a Grabois, que hab\u00eda dejado en claro sus diferencias con el ministro de Econom\u00eda.\u00a0Gabrois inscribi\u00f3 entonces su precandidatura presidencial junto a la soci\u00f3loga, investigadora del Conicet y vicepresidenta del Centro de Estudios Legales y Sociales (Cels), <b>Mar\u00eda Paula Abal Medina<\/b>, como compa\u00f1era de f\u00f3rmula. La que fue oficializada por la Junta Electoral de Uni\u00f3n por la Patria.<\/p>\n<p><b> El organismo partidario tiene un plazo de 72 horas para autorizar a la lista encabezada por Grabois a figurar en las PASO en la tira completa de la papeleta de UP o con una \u00abboleta corta\u00bb<\/b>, indicaron fuentes del espacio oficialista. Pero desde Justa y Soberana afirmaron ante este diario que no habr\u00e1 inconvenientes para que su boleta vaya pegada al resto de los tramos de la \u201clista de unidad\u201d que UxP presentar\u00e1 en todos los distritos electorales.<\/p>\n<p>\u201cEst\u00e1bamos esperando esta resoluci\u00f3n para empezar a trabajar\u201d, respondieron a <b>P\u00e1ginaI12<\/b> cerca de Grabois ante la consulta sobre qu\u00e9 otros sectores respaldar\u00e1n la candidatura del referente social que dirige el Frente Patria Grande y que fue uno de los fundadores del <b>Movimiento de Trabajadores Excluidos (MTE)<\/b> y de la <b>Confederaci\u00f3n de Trabajadores de la Econom\u00eda Popular (CTEP)<\/b>. \u201cEs una elecci\u00f3n nacional, habr\u00e1 gente de los distintos espacios de UP que respaldar\u00e1n nuestra propuesta\u201d, agregaron.<\/p>\n<h2>La explicaci\u00f3n de Grabois sobre su precandidatura<\/h2>\n<p>Este mi\u00e9rcoles por la tarde, Grabois public\u00f3 una carta en Twitter dirigida a \u00abcompa\u00f1eros, compa\u00f1eras, y a quien pueda interesarle\u00bb con los motivos de su precandidatura. \u00abYa se oficializaron las listas y la boleta que encabezamos con Paula Abal Medina va a estar en todo el pa\u00eds. <b>Nosotros no buscamos esto. Nosotros bancamos a Wado. Hasta el final. Lo bajaron. El sistema es poderoso y no siempre se sabe bien c\u00f3mo funciona<\/b>\u00ab, indic\u00f3 al comienzo de su misiva.<\/p>\n<p>En los \u00faltimos meses, explic\u00f3,<b> su partido pele\u00f3 \u00abpara que este a\u00f1o el candidato a presidente sea un hijo pol\u00edtico del 2001<\/b>, indefectiblemente sucesores hist\u00f3ricos de la generaci\u00f3n diezmada\u00bb. Ese candidato, asegur\u00f3, era Wado de Pedo, por lo que \u00abnosotros siempre fuimos nuestro propio plan B\u00bb, aclar\u00f3.<\/p>\n<p>Ante la baja de Wado de Pedro y el anuncio de la precandidatura de Sergio Massa, el espacio de Grabois decidi\u00f3 volver a competir en las Paso.<b> \u00abSomos parte de los miles de disconformes dentro de UxP con la f\u00f3rmula que encabeza Massa<\/b>. Doblemente disconformes por la forma en que se dieron las cosas\u00bb, se\u00f1al\u00f3 el dirigente social.<\/p>\n<p>Por eso, \u00absalimos a la cancha, as\u00ed, a las apuradas, pero con entusiasmo, sin miedo y con la responsabilidad de representar las banderas hist\u00f3ricas de los que nos precedieron en la lucha y llevar adelante los diez puntos program\u00e1ticos que firmamos con Wado cuando este desenlace era inimaginable\u00bb, destac\u00f3.<\/p>\n<p>En otro tramo de la carta, se refiri\u00f3 a las posibilidades que tiene para enfrentar la precandidatura de Massa en una interna, y reconoci\u00f3 que<b> \u00abempieza un partido con la cancha inclinada\u00bb,<\/b> ya que \u00abnuestro rival tiene recursos y medios infinitamente superiores\u00bb y <b>\u00abnosotros no gozamos de la simpat\u00eda de c\u00edrculos rojos ni poderes externos\u00bb.\u00a0<\/b><\/p>\n<p>\u00abPero qui\u00e9n dice\u2026 <b>no siempre gana Goliat<\/b> \u00bfSe acuerdan de esa historia? Con una gomera como la que usan los pibes para jugar, el joven campesino y poeta le gan\u00f3 al gigante. \u00bfCu\u00e1l es la honda, la gomera nuestra? La coherencia, las convicciones, el coraje, la creatividad, los valores \u00e9ticos y la fuerza de la militancia\u00bb, plante\u00f3 el referente.<\/p>\n<p>En la carta de este mi\u00e9rcoles, tambi\u00e9n mencion\u00f3 a Cristina Fern\u00e1ndez de Kirchner y asegur\u00f3 que \u00ab<b>nada nos va a robar el cari\u00f1o genuino de la mujer que por la proscripci\u00f3n y el hostigamiento permanente del poder no puede ejercer la representaci\u00f3n popular que por legitimidad le corresponde\u00bb.<\/b><\/p>\n<p>Y concluy\u00f3: \u00abTampoco (nos van a robar) nuestro reconocimiento a<b> N\u00e9stor y Cristina<\/b> Kirchner que -con errores y aciertos- dieron e hicieron todo por la Patria, por los laburantes y el pueblo pobre, m\u00e1s que nadie en medio siglo de historia,<b> recuperando la tradici\u00f3n hist\u00f3rica del movimiento nacional interrumpido con el golpe de 1976.<\/b> Nosotros, por origen, convicci\u00f3n y militancia, sin haber sido parte activa ni funcionarios de ning\u00fan gobierno,<b> tenemos mucho m\u00e1s que ver con ese proceso que nuestro contrincante<\/b>\u00ab, finaliz\u00f3.<\/p>\n","protected":false},"excerpt":{"rendered":"<p>La Junta Electoral Nacional del Frente Uni\u00f3n por la Patria (UxP) oficializ\u00f3 la lista \u00abJusta y Soberana\u00bb que encabezan Juan Grabois y Mar\u00eda Paula Abal Medina, como precandidatos a presidente y vicepresidenta, por lo que queda habilitada para participar en la interna que la coalici\u00f3n oficialista celebrar\u00e1 en las Primarias Abiertas, Simult\u00e1neas y Obligatorias (PASO) [&hellip;]<\/p>\n","protected":false},"author":3,"featured_media":101420,"comment_status":"open","ping_status":"open","sticky":false,"template":"","format":"standard","meta":{"footnotes":""},"categories":[7],"tags":[],"class_list":{"0":"post-101419","1":"post","2":"type-post","3":"status-publish","4":"format-standard","5":"has-post-thumbnail","7":"category-nac"},"_links":{"self":[{"href":"https:\/\/primicias2262.com\/noticias\/wp-json\/wp\/v2\/posts\/101419","targetHints":{"allow":["GET"]}}],"collection":[{"href":"https:\/\/primicias2262.com\/noticias\/wp-json\/wp\/v2\/posts"}],"about":[{"href":"https:\/\/primicias2262.com\/noticias\/wp-json\/wp\/v2\/types\/post"}],"author":[{"embeddable":true,"href":"https:\/\/primicias2262.com\/noticias\/wp-json\/wp\/v2\/users\/3"}],"replies":[{"embeddable":true,"href":"https:\/\/primicias2262.com\/noticias\/wp-json\/wp\/v2\/comments?post=101419"}],"version-history":[{"count":2,"href":"https:\/\/primicias2262.com\/noticias\/wp-json\/wp\/v2\/posts\/101419\/revisions"}],"predecessor-version":[{"id":101422,"href":"https:\/\/primicias2262.com\/noticias\/wp-json\/wp\/v2\/posts\/101419\/revisions\/101422"}],"wp:featuredmedia":[{"embeddable":true,"href":"https:\/\/primicias2262.com\/noticias\/wp-json\/wp\/v2\/media\/101420"}],"wp:attachment":[{"href":"https:\/\/primicias2262.com\/noticias\/wp-json\/wp\/v2\/media?parent=101419"}],"wp:term":[{"taxonomy":"category","embeddable":true,"href":"https:\/\/primicias2262.com\/noticias\/wp-json\/wp\/v2\/categories?post=101419"},{"taxonomy":"post_tag","embeddable":true,"href":"https:\/\/primicias2262.com\/noticias\/wp-json\/wp\/v2\/tags?post=101419"}],"curies":[{"name":"wp","href":"https:\/\/api.w.org\/{rel}","templated":true}]}}