{"id":101424,"date":"2023-06-29T16:46:08","date_gmt":"2023-06-29T16:46:08","guid":{"rendered":"https:\/\/primicias2262.com\/noticias\/?p=101424"},"modified":"2023-06-30T17:43:47","modified_gmt":"2023-06-30T17:43:47","slug":"lo-que-vive-hoy-el-radicalismo-local-es-porque-no-se-han-podido-dejar-personalismos-e-individualidades-de-lado","status":"publish","type":"post","link":"https:\/\/primicias2262.com\/noticias\/lo-que-vive-hoy-el-radicalismo-local-es-porque-no-se-han-podido-dejar-personalismos-e-individualidades-de-lado\/","title":{"rendered":"\u201cLo que vive hoy el radicalismo local es porque no se han podido dejar personalismos e individualidades de lado\u201d"},"content":{"rendered":"<p><strong>As\u00ed opin\u00f3 la concejal radical con final de mandato en diciembre, Felicitas Cabret\u00f3n, quien en di\u00e1logo con el periodista Jorge G\u00f3mez en \u201cVoces de la Ciudad\u201d reconoci\u00f3 con pesar que el partido est\u00e1 disgregado en Necochea y es lamentable no lograr la s\u00edntesis de todos los espacios del mismo en una sola candidatura.<\/strong><\/p>\n<p>La edil e integrante del espacio de Mujeres \u201cElvira Rawson\u201d, aclar\u00f3 antes que nada \u201cdecidimos corrernos de esta circunstancia que estaba atravesando el radicalismo para definir sus candidatos en el orden local\u201d, argumentando que \u201cdurante el a\u00f1o anterior y desde que empezamos a generar el espacio de mujeres para sumar dentro nuevos perfiles dentro del radicalismo y otros espacios trabajamos con la idea de presentar una candidatura y disputar dentro del radicalismo ese lugar<\/p>\n<p>pero cuando empezamos a ver que la discusi\u00f3n se empez\u00f3 a dar en los t\u00e9rminos que se dieron, no quisimos y el radicalismo se perdi\u00f3 una vez m\u00e1s la oportunidad de tener un proyecto colectivo donde cada uno de los radicales se sienta parte.<\/p>\n<p>creo que el radicalismo local\u00a0 no ha podido ver esa oportunidad de construir ese perfil y buscar esa candidatura donde se sintetizaran todos los espacios pol\u00edticos y se pudiera ver con objetivo cierto ser una opci\u00f3n de poder en estas elecciones y en las pr\u00f3ximas, porque lo eleccionario no terminar\u00e1 en 2023.<\/p>\n<p>cuando vimos que no hab\u00eda una definici\u00f3n y el tema se ven\u00eda dilatando desde la conducci\u00f3n partidaria en qu\u00e9 t\u00e9rminos se iban a definir las candidaturas a intendentes y concejales dijimos que desde nuestro espacio no queremos ser un escollo m\u00e1s para que no se puedan definir las candidaturas, as\u00ed es que nos corrimos y da mucha pena que la conducci\u00f3n no haya podido ni siquiera lograr que la asamblea para elegir el candidato del radicalismo haya podido ser consensuada para que esa candidatura tuviera la legitimidad que se necesita tener para enfrentar elecciones de estas caracter\u00edsticas.<\/p>\n<p>que hay radicales que integran la lista que encabeza Mart\u00edn Migueles no es algo que se resolvi\u00f3 en las \u00faltimas horas, y me gustar\u00eda saber a qu\u00e9 radicales va a apoyar la conducci\u00f3n partidaria\u2026 intuyo que al estar integrando una lista ser\u00e1 a esa, pero los otros tambi\u00e9n se presentan como radicales.<\/p>\n<p>no digo que me horrorice o me asuste, pero digo que el radicalismo est\u00e1 disgregado, no hay unidad, no tiene un proyecto colectivo y lo \u00fanico que se ha hecho con esto es tratar de preservar la estructura partidaria, nada m\u00e1s, pero nuestro partido, la Uni\u00f3n C\u00edvica Radical es mucho m\u00e1s que la estructura que intentan salvar.<\/p>\n<p>hay temas claves en la ciudad que la sociedad reclama y hoy el radicalismo no est\u00e1 tomando postura. Nosotros tomamos la decisi\u00f3n de no disputar porque adem\u00e1s la f\u00f3rmula nuestra que vaos a acompa\u00f1ar es Larreta, Morales, Santilli, Posse, es donde venimos militando desde la Elvira Rawson y la Corriente Nacional, es decir contraria a la del candidato del radicalismo, que acompa\u00f1a una s\u00e1bana que no acompa\u00f1amos (en referencia a Patricia Bullrich).<\/p>\n<p>la l\u00e1stima es que se perdi\u00f3 la oportunidad una vez m\u00e1s de no poder sintetizar al radicalismo en el acompa\u00f1amiento de una candidatura a intendente y concejales donde se pudiera unificar. No se ha podido armonizar desde hace bastante tiempo y la consecuencia de lo que vive hoy el radicalismo local es porque no se han podido dejar los personalismos y las individualidades de lado. El dirigente pol\u00edtico que no tiene la capacidad de correrse y saber cu\u00e1l es el momento para disputar el poder y de qu\u00e9 manera, genera est\u00e1 cosa, y con pesar digo que lamentablemente el radicalismo local est\u00e1 dividido.<\/p>\n<p><strong>Bravo: \u201cSomos org\u00e1nicos y respetamos el mandato del partido, aunque con tristeza\u201d<\/strong><\/p>\n<p>Por su parte, Walter Bravo se expres\u00f3 tras haber quedado trunca su precandidatura a intendente por la Uni\u00f3n C\u00edvica Radical, hoy a manos de Dami\u00e1n Unibaso.<\/p>\n<p>Durante du visita a \u201cVoces de la Ciudad\u201d y tras la consulta del periodista Jorge G\u00f3mez, Bravo asegur\u00f3 que a pesar de lo sucedido \u201cvamos a acompa\u00f1ar este proceso eleccionario como corresponde, como parte de la Uni\u00f3n C\u00edvica Radical y de la sociedad, somos org\u00e1nicos y vamos a respetar el mandato del partido, aunque obviamente con tristeza\u201d.<\/p>\n<p>Rememor\u00f3 al instante que \u201cnosotros impugnamos porque esa forma que se us\u00f3 no iba a representar la unidad partidaria, y a la vista est\u00e1 hoy\u201d, ejemplificando que \u201cGonzalo Diez con dos personas m\u00e1s de la Uni\u00f3n C\u00edvica Radical (Rodrigo Irigoyen y Dolores Souto) apoyan al candidato del PRO, Mart\u00edn Migueles\u201d.<\/p>\n<p><a href=\"https:\/\/primicias2262.com\/noticias\/wp-content\/uploads\/2023\/06\/walter-bravo.jpeg\"><img loading=\"lazy\" decoding=\"async\" class=\"aligncenter size-full wp-image-100287\" src=\"https:\/\/primicias2262.com\/noticias\/wp-content\/uploads\/2023\/06\/walter-bravo.jpeg\" alt=\"\" width=\"1024\" height=\"768\" srcset=\"https:\/\/primicias2262.com\/noticias\/wp-content\/uploads\/2023\/06\/walter-bravo.jpeg 1024w, https:\/\/primicias2262.com\/noticias\/wp-content\/uploads\/2023\/06\/walter-bravo-300x225.jpeg 300w, https:\/\/primicias2262.com\/noticias\/wp-content\/uploads\/2023\/06\/walter-bravo-768x576.jpeg 768w, https:\/\/primicias2262.com\/noticias\/wp-content\/uploads\/2023\/06\/walter-bravo-150x113.jpeg 150w, https:\/\/primicias2262.com\/noticias\/wp-content\/uploads\/2023\/06\/walter-bravo-696x522.jpeg 696w\" sizes=\"auto, (max-width: 1024px) 100vw, 1024px\" \/><\/a>No obstante, dej\u00f3 en claro que \u201cno tenemos ning\u00fan resentimiento, pero hemos ido marcando en este proceso hechos puntuales y a las formas que no estaban encuadradas en el reglamento, y si hoy no tenemos lista tiene que ver con otras cuestiones pol\u00edticas que no le permiten a la sociedad tener la otra parte que expresa algo diferente y que pueden encontrar en nosotros. En lo local est\u00e1bamos en condiciones de ser una alternativa diferente, y creo que lo seguiremos siendo\u201d.<\/p>\n<p>Sigui\u00f3 analizando que \u201choy viendo c\u00f3mo est\u00e1n las listas formadas, la gente puede darse cuenta que nuestra postura era correcta en cuanto a las formas y la representaci\u00f3n de la unidad de la Uni\u00f3n C\u00edvica Radical\u201d, y cerr\u00f3 agradeciendo a \u201clas m\u00e1s de 180 personas que firmaron el documento y nos acompa\u00f1an en el proceso de Uno como Vos. Respaldaron a alguien que no es muy conocido dentro del espacio radical\u201d, aunque asegur\u00f3 que \u201cnos seguimos reuniendo y trabajando en pos del distrito de Necochea, evaluando las posibilidades que tendremos a futuro\u201d.<\/p>\n","protected":false},"excerpt":{"rendered":"<p>As\u00ed opin\u00f3 la concejal radical con final de mandato en diciembre, Felicitas Cabret\u00f3n, quien en di\u00e1logo con el periodista Jorge G\u00f3mez en \u201cVoces de la Ciudad\u201d reconoci\u00f3 con pesar que el partido est\u00e1 disgregado en Necochea y es lamentable no lograr la s\u00edntesis de todos los espacios del mismo en una sola candidatura. La edil [&hellip;]<\/p>\n","protected":false},"author":3,"featured_media":101425,"comment_status":"open","ping_status":"open","sticky":false,"template":"","format":"standard","meta":{"footnotes":""},"categories":[3],"tags":[],"class_list":["post-101424","post","type-post","status-publish","format-standard","has-post-thumbnail","category-masnoticias"],"_links":{"self":[{"href":"https:\/\/primicias2262.com\/noticias\/wp-json\/wp\/v2\/posts\/101424","targetHints":{"allow":["GET"]}}],"collection":[{"href":"https:\/\/primicias2262.com\/noticias\/wp-json\/wp\/v2\/posts"}],"about":[{"href":"https:\/\/primicias2262.com\/noticias\/wp-json\/wp\/v2\/types\/post"}],"author":[{"embeddable":true,"href":"https:\/\/primicias2262.com\/noticias\/wp-json\/wp\/v2\/users\/3"}],"replies":[{"embeddable":true,"href":"https:\/\/primicias2262.com\/noticias\/wp-json\/wp\/v2\/comments?post=101424"}],"version-history":[{"count":2,"href":"https:\/\/primicias2262.com\/noticias\/wp-json\/wp\/v2\/posts\/101424\/revisions"}],"predecessor-version":[{"id":101447,"href":"https:\/\/primicias2262.com\/noticias\/wp-json\/wp\/v2\/posts\/101424\/revisions\/101447"}],"wp:featuredmedia":[{"embeddable":true,"href":"https:\/\/primicias2262.com\/noticias\/wp-json\/wp\/v2\/media\/101425"}],"wp:attachment":[{"href":"https:\/\/primicias2262.com\/noticias\/wp-json\/wp\/v2\/media?parent=101424"}],"wp:term":[{"taxonomy":"category","embeddable":true,"href":"https:\/\/primicias2262.com\/noticias\/wp-json\/wp\/v2\/categories?post=101424"},{"taxonomy":"post_tag","embeddable":true,"href":"https:\/\/primicias2262.com\/noticias\/wp-json\/wp\/v2\/tags?post=101424"}],"curies":[{"name":"wp","href":"https:\/\/api.w.org\/{rel}","templated":true}]}}