{"id":101435,"date":"2023-06-30T13:13:51","date_gmt":"2023-06-30T13:13:51","guid":{"rendered":"https:\/\/primicias2262.com\/noticias\/?p=101435"},"modified":"2023-07-03T16:39:52","modified_gmt":"2023-07-03T16:39:52","slug":"el-periodista-jorge-gomez-realizo-un-analisis-del-cierre-de-listas-en-el-ciudadano","status":"publish","type":"post","link":"https:\/\/primicias2262.com\/noticias\/el-periodista-jorge-gomez-realizo-un-analisis-del-cierre-de-listas-en-el-ciudadano\/","title":{"rendered":"El periodista Jorge G\u00f3mez realiz\u00f3 un an\u00e1lisis del cierre de listas en El Ciudadano"},"content":{"rendered":"<p><strong>El espacio televisivo, conducido por el periodista Hugo Moller, fue el escenario de un minucioso an\u00e1lisis por parte del colega Jorge G\u00f3mez tras el cierre de las listas de cara a las elecciones PASO del 13 de agosto.<\/strong><\/p>\n<p>Durante la interacci\u00f3n se ech\u00f3 una mirada a nivel general pero por supuesto, con marcado \u00e9nfasis en el terreno local, donde la verdadera definici\u00f3n de los nombres que competir\u00e1n en las primarias se conocer\u00e1 este s\u00e1bado 1\u00ba de julio.<\/p>\n<p><iframe loading=\"lazy\" title=\"EL CIUDADANO 28 junio 2023\" width=\"696\" height=\"392\" src=\"https:\/\/www.youtube.com\/embed\/uH6_hyQG7M0?feature=oembed\" frameborder=\"0\" allow=\"accelerometer; autoplay; clipboard-write; encrypted-media; gyroscope; picture-in-picture; web-share\" allowfullscreen><\/iframe><\/p>\n","protected":false},"excerpt":{"rendered":"<p>El espacio televisivo, conducido por el periodista Hugo Moller, fue el escenario de un minucioso an\u00e1lisis por parte del colega Jorge G\u00f3mez tras el cierre de las listas de cara a las elecciones PASO del 13 de agosto. Durante la interacci\u00f3n se ech\u00f3 una mirada a nivel general pero por supuesto, con marcado \u00e9nfasis en [&hellip;]<\/p>\n","protected":false},"author":3,"featured_media":101436,"comment_status":"open","ping_status":"open","sticky":false,"template":"","format":"standard","meta":{"footnotes":""},"categories":[3],"tags":[],"class_list":["post-101435","post","type-post","status-publish","format-standard","has-post-thumbnail","category-masnoticias"],"_links":{"self":[{"href":"https:\/\/primicias2262.com\/noticias\/wp-json\/wp\/v2\/posts\/101435","targetHints":{"allow":["GET"]}}],"collection":[{"href":"https:\/\/primicias2262.com\/noticias\/wp-json\/wp\/v2\/posts"}],"about":[{"href":"https:\/\/primicias2262.com\/noticias\/wp-json\/wp\/v2\/types\/post"}],"author":[{"embeddable":true,"href":"https:\/\/primicias2262.com\/noticias\/wp-json\/wp\/v2\/users\/3"}],"replies":[{"embeddable":true,"href":"https:\/\/primicias2262.com\/noticias\/wp-json\/wp\/v2\/comments?post=101435"}],"version-history":[{"count":1,"href":"https:\/\/primicias2262.com\/noticias\/wp-json\/wp\/v2\/posts\/101435\/revisions"}],"predecessor-version":[{"id":101437,"href":"https:\/\/primicias2262.com\/noticias\/wp-json\/wp\/v2\/posts\/101435\/revisions\/101437"}],"wp:featuredmedia":[{"embeddable":true,"href":"https:\/\/primicias2262.com\/noticias\/wp-json\/wp\/v2\/media\/101436"}],"wp:attachment":[{"href":"https:\/\/primicias2262.com\/noticias\/wp-json\/wp\/v2\/media?parent=101435"}],"wp:term":[{"taxonomy":"category","embeddable":true,"href":"https:\/\/primicias2262.com\/noticias\/wp-json\/wp\/v2\/categories?post=101435"},{"taxonomy":"post_tag","embeddable":true,"href":"https:\/\/primicias2262.com\/noticias\/wp-json\/wp\/v2\/tags?post=101435"}],"curies":[{"name":"wp","href":"https:\/\/api.w.org\/{rel}","templated":true}]}}