{"id":101444,"date":"2023-06-30T17:43:32","date_gmt":"2023-06-30T17:43:32","guid":{"rendered":"https:\/\/primicias2262.com\/noticias\/?p=101444"},"modified":"2023-07-03T16:40:29","modified_gmt":"2023-07-03T16:40:29","slug":"lo-que-no-se-saneo-en-los-dialogos-se-hara-en-la-urna-y-habra-que-darlo-todo-en-las-paso","status":"publish","type":"post","link":"https:\/\/primicias2262.com\/noticias\/lo-que-no-se-saneo-en-los-dialogos-se-hara-en-la-urna-y-habra-que-darlo-todo-en-las-paso\/","title":{"rendered":"\u201cLo que no se sane\u00f3 en los di\u00e1logos se har\u00e1 en la urna y habr\u00e1 que darlo todo en las PASO\u201d"},"content":{"rendered":"<p><strong>As\u00ed lo se\u00f1al\u00f3 la precandidata a diputada provincial y referente local del Frente Renovador, Jimena L\u00f3pez, tras la oficializaci\u00f3n de las tres listas de Uni\u00f3n por la Patria en Necochea para las elecciones primarias: la de su compa\u00f1ero Mauro Vel\u00e1zquez, la del presidente del PJ Marcelo Rivero, y la de Daniel L\u00f3pez.<\/strong><\/p>\n<p>Consultada acerca del panorama que se abre para las PASO del 13 de agosto por el periodista Jorge G\u00f3mez en \u201cVoces de la Ciudad\u201d, la secretaria de Gesti\u00f3n de Transporte de la Naci\u00f3n manifest\u00f3 que \u201ces una posibilidad que se iba a dar, sobre todo para sanear algunas cuestiones y para que todos puedan competir. Ahora las cartas est\u00e1n sobre la mesa y nosotros tenemos un candidato m\u00e1s que competitivo, me siento muy orgullosa de mi compa\u00f1ero Mauro (Vel\u00e1zquez) y un primer concejal como Julio Zapata, estoy muy contenta en lo personal\u201d.<\/p>\n<p>M\u00e1s all\u00e1 de quien resulte ganador en las primarias, Jimena dese\u00f3 que \u201cojala que el espacio que gane entienda que hay que abrazar a los dem\u00e1s\u201d, aunque por lo pronto brind\u00f3 una mirada m\u00e1s nacionalista: \u201cA m\u00ed me interesa que Massa sea presidente, es mi conductor pol\u00edtico y la persona que va en la f\u00f3rmula presidencial. Hace m\u00e1s de 10 a\u00f1os que trabajo con \u00e9l y para \u00e9l, y me interesa que sea presidente y que Mauro (Vel\u00e1zquez) gane las PASO, pero llegada la instancia tambi\u00e9n hay que acompa\u00f1ar\u201d, en referencia a posibles triunfos de Rivero o \u201cYanqui\u201d L\u00f3pez.<\/p>\n<p>En torno a ello, la hermana del exintendnete Facundo L\u00f3pez asegur\u00f3 que \u201cestoy muy tranquila de haber dado todo para generar la unidad, no se pudo y ahora vamos a trabajar y darlo todo para pasar las PASO\u201d, reforzando que \u201cnosotros quer\u00edamos una resoluci\u00f3n de este tipo y que lo que no se hab\u00eda saneado en los di\u00e1logos se sanee en la urna, y ahora ya tenemos bien en claro el panorama\u201d.<\/p>\n<p>A nivel local manifest\u00f3 que \u201ccreo que es una muy buena lista la que se arm\u00f3 y estoy orgullosa del proceso que hicimos en todo momento, con el ejercicio de querer acordar, si bien no se pudo\u2026 pero hicimos una muy buena lista con compa\u00f1eros y compa\u00f1eras hist\u00f3ricos del Frente Renovador y con Mauro como precandidato a Intendente\u201d.<\/p>\n<p>En cuanto a su precandidatura a diputada provincial por la Quinta Secci\u00f3n Electoral, expres\u00f3 que \u201ces otro desaf\u00edo m\u00e1s y en mi secci\u00f3n que me permite y quiero seguir trabajando para Necochea, estoy contenta por el reconocimiento, pero lo que m\u00e1s contenta me pone es que Massa est\u00e9 en la f\u00f3rmula presidencial, no tengo m\u00e1s que pedir\u201d.<\/p>\n<p>Y a prop\u00f3sito de Sergio Massa como candidato, Jimena destac\u00f3 en un p\u00e1rrafo final que \u201csu candidatura trajo previsibilidad en la gente, en los sectores m\u00e1s moderados que entienden que es un muy buen candidato y est\u00e1 haciendo mucho por la econom\u00eda. A\u00fan con los n\u00fameros muy complejos, muestra una gesti\u00f3n que siempre avanza y va negociando con cosas innovadoras que tiene que ver con otra cabeza y otras posibilidades. No pretende tapar el sol con las manos y desde ese lugar le da certeza a la gente\u2026 distinto ser\u00eda que saliera a decir que va a bajar 20 d\u00edgitos la inflaci\u00f3n, entonces me parece que es un candidato confiable que logr\u00f3 la s\u00edntesis que se estaba esperando\u201d.<\/p>\n","protected":false},"excerpt":{"rendered":"<p>As\u00ed lo se\u00f1al\u00f3 la precandidata a diputada provincial y referente local del Frente Renovador, Jimena L\u00f3pez, tras la oficializaci\u00f3n de las tres listas de Uni\u00f3n por la Patria en Necochea para las elecciones primarias: la de su compa\u00f1ero Mauro Vel\u00e1zquez, la del presidente del PJ Marcelo Rivero, y la de Daniel L\u00f3pez. Consultada acerca del [&hellip;]<\/p>\n","protected":false},"author":3,"featured_media":101448,"comment_status":"open","ping_status":"open","sticky":false,"template":"","format":"standard","meta":{"footnotes":""},"categories":[3],"tags":[],"class_list":["post-101444","post","type-post","status-publish","format-standard","has-post-thumbnail","category-masnoticias"],"_links":{"self":[{"href":"https:\/\/primicias2262.com\/noticias\/wp-json\/wp\/v2\/posts\/101444","targetHints":{"allow":["GET"]}}],"collection":[{"href":"https:\/\/primicias2262.com\/noticias\/wp-json\/wp\/v2\/posts"}],"about":[{"href":"https:\/\/primicias2262.com\/noticias\/wp-json\/wp\/v2\/types\/post"}],"author":[{"embeddable":true,"href":"https:\/\/primicias2262.com\/noticias\/wp-json\/wp\/v2\/users\/3"}],"replies":[{"embeddable":true,"href":"https:\/\/primicias2262.com\/noticias\/wp-json\/wp\/v2\/comments?post=101444"}],"version-history":[{"count":2,"href":"https:\/\/primicias2262.com\/noticias\/wp-json\/wp\/v2\/posts\/101444\/revisions"}],"predecessor-version":[{"id":101514,"href":"https:\/\/primicias2262.com\/noticias\/wp-json\/wp\/v2\/posts\/101444\/revisions\/101514"}],"wp:featuredmedia":[{"embeddable":true,"href":"https:\/\/primicias2262.com\/noticias\/wp-json\/wp\/v2\/media\/101448"}],"wp:attachment":[{"href":"https:\/\/primicias2262.com\/noticias\/wp-json\/wp\/v2\/media?parent=101444"}],"wp:term":[{"taxonomy":"category","embeddable":true,"href":"https:\/\/primicias2262.com\/noticias\/wp-json\/wp\/v2\/categories?post=101444"},{"taxonomy":"post_tag","embeddable":true,"href":"https:\/\/primicias2262.com\/noticias\/wp-json\/wp\/v2\/tags?post=101444"}],"curies":[{"name":"wp","href":"https:\/\/api.w.org\/{rel}","templated":true}]}}